{"id":22804,"date":"2022-11-24T00:08:42","date_gmt":"2022-11-24T04:08:42","guid":{"rendered":"http:\/\/ciudadtrujillo.com\/?p=22804"},"modified":"2022-11-24T00:23:38","modified_gmt":"2022-11-24T04:23:38","slug":"mas-de-mil-400-habitantes-del-municipio-candelaria-atendidos-en-jornada-integral","status":"publish","type":"post","link":"https:\/\/ciudadtrujillo.com\/?p=22804","title":{"rendered":"M\u00e1s de mil 400 habitantes del municipio Candelaria atendidos en jornada integral"},"content":{"rendered":"<p style=\"text-align: justify;\">Prosiguiendo el abordaje y atenci\u00f3n a las familias afectadas por las lluvias registradas en la entidad, la Fundaci\u00f3n Trujillana de la Salud, junto a la Misi\u00f3n Barrio Adentro y el Gabinete Social, brind\u00f3 una jornada integral a mil 453 habitantes de los sectores Las Llanadas, Campo Lindo y Punta Brava del municipio Candelaria.<\/p>\n<p style=\"text-align: justify;\">Desde el Consultorio Popular Tipo II, Las Llanadas, la dependencia de Farmacias Comunitarias despach\u00f3 cuatro mil 861 unidosis para la atenci\u00f3n de 245 pacientes, seg\u00fan reporte de la Fundasalud.<\/p>\n<p style=\"text-align: justify;\">Igualmente se pudo conocer que fueron garantizadas 131 consultas de medicina general, 86 pedi\u00e1tricas, 19 controles prenatales, 39 inmunizaciones, 506 desparasitantes, 107 abatizaciones casa a casa y 47 emisiones de Cartas M\u00e9dicas, Certificados M\u00e9dicos para Conducir.<\/p>\n<p style=\"text-align: justify;\">A trav\u00e9s de las \u00e1reas de nutrici\u00f3n, psicolog\u00eda y ginecolog\u00eda, fueron abordados 170 habitantes. Mientras que, el Programa Estadal de Infecciones de Transmisi\u00f3n Sexual (ITS) practic\u00f3 38 pruebas de VIH, VDRL, Hepatitis B y C. Y el Programa Cardiovascular Endocrinometab\u00f3lico (Carem), 64 de HTA y Diabetes.<\/p>\n<p style=\"text-align: justify;\">Con el apoyo del presidente Nicol\u00e1s Maduro, la ministra de Salud, Magaly Guti\u00e9rrez y el gobernador Gerardo M\u00e1rquez, se sigue desplegando el Plan de Amor en Acci\u00f3n a las V\u00edctimas del Bloqueo Econ\u00f3mico hacia los sectores m\u00e1s vulnerables.<\/p>\n<p>&nbsp;<\/p>\n<p>&nbsp;<\/p>\n<h6>Prensa Fundasalud \/ Rosa Cruz\/Gr\u00e1ficas: cortes\u00eda<\/h6>\n","protected":false},"excerpt":{"rendered":"<p>Prosiguiendo el abordaje y atenci\u00f3n a las familias afectadas por las lluvias registradas en la entidad, la Fundaci\u00f3n Trujillana de la Salud, junto a la Misi\u00f3n Barrio Adentro y el&hellip; <\/p>\n","protected":false},"author":1,"featured_media":22817,"comment_status":"closed","ping_status":"closed","sticky":false,"template":"","format":"standard","meta":{"footnotes":""},"categories":[40],"tags":[],"class_list":["post-22804","post","type-post","status-publish","format-standard","has-post-thumbnail","hentry","category-grantrujillo"],"_links":{"self":[{"href":"https:\/\/ciudadtrujillo.com\/index.php?rest_route=\/wp\/v2\/posts\/22804","targetHints":{"allow":["GET"]}}],"collection":[{"href":"https:\/\/ciudadtrujillo.com\/index.php?rest_route=\/wp\/v2\/posts"}],"about":[{"href":"https:\/\/ciudadtrujillo.com\/index.php?rest_route=\/wp\/v2\/types\/post"}],"author":[{"embeddable":true,"href":"https:\/\/ciudadtrujillo.com\/index.php?rest_route=\/wp\/v2\/users\/1"}],"replies":[{"embeddable":true,"href":"https:\/\/ciudadtrujillo.com\/index.php?rest_route=%2Fwp%2Fv2%2Fcomments&post=22804"}],"version-history":[{"count":1,"href":"https:\/\/ciudadtrujillo.com\/index.php?rest_route=\/wp\/v2\/posts\/22804\/revisions"}],"predecessor-version":[{"id":22806,"href":"https:\/\/ciudadtrujillo.com\/index.php?rest_route=\/wp\/v2\/posts\/22804\/revisions\/22806"}],"wp:featuredmedia":[{"embeddable":true,"href":"https:\/\/ciudadtrujillo.com\/index.php?rest_route=\/wp\/v2\/media\/22817"}],"wp:attachment":[{"href":"https:\/\/ciudadtrujillo.com\/index.php?rest_route=%2Fwp%2Fv2%2Fmedia&parent=22804"}],"wp:term":[{"taxonomy":"category","embeddable":true,"href":"https:\/\/ciudadtrujillo.com\/index.php?rest_route=%2Fwp%2Fv2%2Fcategories&post=22804"},{"taxonomy":"post_tag","embeddable":true,"href":"https:\/\/ciudadtrujillo.com\/index.php?rest_route=%2Fwp%2Fv2%2Ftags&post=22804"}],"curies":[{"name":"wp","href":"https:\/\/api.w.org\/{rel}","templated":true}]}}