{"id":22721,"date":"2022-11-22T00:12:32","date_gmt":"2022-11-22T04:12:32","guid":{"rendered":"http:\/\/ciudadtrujillo.com\/?p=22721"},"modified":"2022-11-22T00:12:32","modified_gmt":"2022-11-22T04:12:32","slug":"gobierno-regional-distribuye-alimentos-e-insumos-medicos-en-comunidades-afectadas-por-lluvias-en-candelaria","status":"publish","type":"post","link":"https:\/\/ciudadtrujillo.com\/?p=22721","title":{"rendered":"Gobierno regional distribuye alimentos e insumos m\u00e9dicos en comunidades afectadas por lluvias en Candelaria"},"content":{"rendered":"<p style=\"text-align: justify;\">En un nuevo despliegue humanista, encabezado por la comandante del Cuerpo de Bomberos del estado, Grala. Aidee Villa de Rodas, el Gobierno Bolivariano de Trujillo se aboca a brindar respuesta a las comunidades afectadas por las lluvias en el municipio Candelaria.<\/p>\n<p style=\"text-align: justify;\">\n<p style=\"text-align: justify;\">El esp\u00edritu solidario motiv\u00f3 este domingo al equipo de gobierno que acompa\u00f1\u00f3 la actividad, quienes por m\u00e1s de cinco horas caminando llegaron a los sectores Trujillito, Guaramacal y Mogot\u00f3n de la parroquia Carrillo para llevar bolsas de alimentos a los habitantes y evaluar las condiciones de la zona, tal como lo instruy\u00f3 el gobernador My. Gerardo M\u00e1rquez.<\/p>\n<p style=\"text-align: justify;\">\n<p style=\"text-align: justify;\">En tal sentido, Villa de Rodas, quien es enlace municipal del Estado Mayor de Emergencia por las lluvias en Candelaria, inform\u00f3 que se contabilizan m\u00e1s de 50 familias afectadas por las lluvias en los sectores antes mencionados y que, en los mismos, se presentan da\u00f1os, principalmente relacionados con la vialidad y las viviendas adem\u00e1s de diversas necesidades del pueblo.<\/p>\n<p style=\"text-align: justify;\">\n<p style=\"text-align: justify;\">Al respecto, la alcaldesa Carmen Elena Ben\u00edtez, reconoci\u00f3 el apoyo gubernamental para atender a la localidad, al tiempo que agradeci\u00f3 al mandatario regional por la dotaci\u00f3n de insumos y medicamentos a los ambulatorios de los sectores Mit\u00f3n y Torococo de las parroquias Cegarra y Carrillo, respectivamente.<\/p>\n<p style=\"text-align: justify;\">\n<p style=\"text-align: justify;\">Cabe destacar que en la visita fue inspeccionado el Puente Ch\u00e1vez, el cual se cay\u00f3 recientemente a causa de las torrenciales lluvias que originaron la crecida del r\u00edo.<\/p>\n<p>&nbsp;<\/p>\n<p>&nbsp;<\/p>\n<h6>Yelimar Hidalgo\/Gr\u00e1ficas: Carlos Brice\u00f1o<\/h6>\n","protected":false},"excerpt":{"rendered":"<p>En un nuevo despliegue humanista, encabezado por la comandante del Cuerpo de Bomberos del estado, Grala. Aidee Villa de Rodas, el Gobierno Bolivariano de Trujillo se aboca a brindar respuesta&hellip; <\/p>\n","protected":false},"author":1,"featured_media":22722,"comment_status":"closed","ping_status":"closed","sticky":false,"template":"","format":"standard","meta":{"footnotes":""},"categories":[40],"tags":[],"class_list":["post-22721","post","type-post","status-publish","format-standard","has-post-thumbnail","hentry","category-grantrujillo"],"_links":{"self":[{"href":"https:\/\/ciudadtrujillo.com\/index.php?rest_route=\/wp\/v2\/posts\/22721","targetHints":{"allow":["GET"]}}],"collection":[{"href":"https:\/\/ciudadtrujillo.com\/index.php?rest_route=\/wp\/v2\/posts"}],"about":[{"href":"https:\/\/ciudadtrujillo.com\/index.php?rest_route=\/wp\/v2\/types\/post"}],"author":[{"embeddable":true,"href":"https:\/\/ciudadtrujillo.com\/index.php?rest_route=\/wp\/v2\/users\/1"}],"replies":[{"embeddable":true,"href":"https:\/\/ciudadtrujillo.com\/index.php?rest_route=%2Fwp%2Fv2%2Fcomments&post=22721"}],"version-history":[{"count":1,"href":"https:\/\/ciudadtrujillo.com\/index.php?rest_route=\/wp\/v2\/posts\/22721\/revisions"}],"predecessor-version":[{"id":22723,"href":"https:\/\/ciudadtrujillo.com\/index.php?rest_route=\/wp\/v2\/posts\/22721\/revisions\/22723"}],"wp:featuredmedia":[{"embeddable":true,"href":"https:\/\/ciudadtrujillo.com\/index.php?rest_route=\/wp\/v2\/media\/22722"}],"wp:attachment":[{"href":"https:\/\/ciudadtrujillo.com\/index.php?rest_route=%2Fwp%2Fv2%2Fmedia&parent=22721"}],"wp:term":[{"taxonomy":"category","embeddable":true,"href":"https:\/\/ciudadtrujillo.com\/index.php?rest_route=%2Fwp%2Fv2%2Fcategories&post=22721"},{"taxonomy":"post_tag","embeddable":true,"href":"https:\/\/ciudadtrujillo.com\/index.php?rest_route=%2Fwp%2Fv2%2Ftags&post=22721"}],"curies":[{"name":"wp","href":"https:\/\/api.w.org\/{rel}","templated":true}]}}