{"id":22566,"date":"2022-11-16T18:57:50","date_gmt":"2022-11-16T22:57:50","guid":{"rendered":"http:\/\/ciudadtrujillo.com\/?p=22566"},"modified":"2022-11-16T18:57:50","modified_gmt":"2022-11-16T22:57:50","slug":"evaluan-condiciones-en-sectores-del-municipio-candelaria-tras-fuertes-precipitaciones","status":"publish","type":"post","link":"https:\/\/ciudadtrujillo.com\/?p=22566","title":{"rendered":"Eval\u00faan condiciones en sectores del municipio Candelaria tras fuertes precipitaciones"},"content":{"rendered":"<p style=\"text-align: justify;\">El gobierno regional, liderado por el My. Gerardo M\u00e1rquez, se despleg\u00f3 hasta los sectores del municipio Candelaria a fin de abordar las afectaciones por las fuertes precipitaciones acaecidas en el estado Trujillo y evaluar las condiciones en que se encuentran las comunidades y las familias.<\/p>\n<p style=\"text-align: justify;\">\n<p style=\"text-align: justify;\">En tal sentido, se inspeccion\u00f3 la situaci\u00f3n de las familias pertenecientes a los sectores San Felipe, Sabana Grande, Barrio El Turismo de Chejend\u00e9, Tentadora, Pueblo Nuevo, y Cruz Verde, en los cuales se registraron fallas de borde, afectaciones en caudales de r\u00edos y quebradas, de acuerdo a la informaci\u00f3n aportada por la comandante del Cuerpo de Bomberos y enlace municipal de la gobernaci\u00f3n de Trujillo en Candelaria, Grala. Aidee Villa de Rodas, a trav\u00e9s de un informe.<\/p>\n<p style=\"text-align: justify;\">\n<p style=\"text-align: justify;\">Adem\u00e1s, Villa se\u00f1al\u00f3 que se inspeccion\u00f3 la U.E Dr. Amilcar Fonseca, perteneciente al sector Sabana Grande, parroquia Manuel Salvador Ulloa, en la cual se registraron inundaciones en los diferentes espacios de la instituci\u00f3n a causa de las fuertes lluvias.<\/p>\n<p style=\"text-align: justify;\">\n<p style=\"text-align: justify;\">Asimismo, trabajadores de las cuadrillas de la alcald\u00eda del municipio Candelaria, contin\u00faan labores de limpieza, remoci\u00f3n de escombros, adem\u00e1s de la caracterizaci\u00f3n de las familias afectadas.<\/p>\n<p>&nbsp;<\/p>\n<p>&nbsp;<\/p>\n<h6>Rossiel Hurtado\/Gr\u00e1ficas: cortes\u00eda<\/h6>\n","protected":false},"excerpt":{"rendered":"<p>El gobierno regional, liderado por el My. Gerardo M\u00e1rquez, se despleg\u00f3 hasta los sectores del municipio Candelaria a fin de abordar las afectaciones por las fuertes precipitaciones acaecidas en el&hellip; <\/p>\n","protected":false},"author":1,"featured_media":22567,"comment_status":"closed","ping_status":"closed","sticky":false,"template":"","format":"standard","meta":{"footnotes":""},"categories":[52,40],"tags":[],"class_list":["post-22566","post","type-post","status-publish","format-standard","has-post-thumbnail","hentry","category-destacadas","category-grantrujillo"],"_links":{"self":[{"href":"https:\/\/ciudadtrujillo.com\/index.php?rest_route=\/wp\/v2\/posts\/22566","targetHints":{"allow":["GET"]}}],"collection":[{"href":"https:\/\/ciudadtrujillo.com\/index.php?rest_route=\/wp\/v2\/posts"}],"about":[{"href":"https:\/\/ciudadtrujillo.com\/index.php?rest_route=\/wp\/v2\/types\/post"}],"author":[{"embeddable":true,"href":"https:\/\/ciudadtrujillo.com\/index.php?rest_route=\/wp\/v2\/users\/1"}],"replies":[{"embeddable":true,"href":"https:\/\/ciudadtrujillo.com\/index.php?rest_route=%2Fwp%2Fv2%2Fcomments&post=22566"}],"version-history":[{"count":1,"href":"https:\/\/ciudadtrujillo.com\/index.php?rest_route=\/wp\/v2\/posts\/22566\/revisions"}],"predecessor-version":[{"id":22568,"href":"https:\/\/ciudadtrujillo.com\/index.php?rest_route=\/wp\/v2\/posts\/22566\/revisions\/22568"}],"wp:featuredmedia":[{"embeddable":true,"href":"https:\/\/ciudadtrujillo.com\/index.php?rest_route=\/wp\/v2\/media\/22567"}],"wp:attachment":[{"href":"https:\/\/ciudadtrujillo.com\/index.php?rest_route=%2Fwp%2Fv2%2Fmedia&parent=22566"}],"wp:term":[{"taxonomy":"category","embeddable":true,"href":"https:\/\/ciudadtrujillo.com\/index.php?rest_route=%2Fwp%2Fv2%2Fcategories&post=22566"},{"taxonomy":"post_tag","embeddable":true,"href":"https:\/\/ciudadtrujillo.com\/index.php?rest_route=%2Fwp%2Fv2%2Ftags&post=22566"}],"curies":[{"name":"wp","href":"https:\/\/api.w.org\/{rel}","templated":true}]}}