{"id":22563,"date":"2022-11-16T18:44:19","date_gmt":"2022-11-16T22:44:19","guid":{"rendered":"http:\/\/ciudadtrujillo.com\/?p=22563"},"modified":"2022-11-16T18:44:19","modified_gmt":"2022-11-16T22:44:19","slug":"encuentro-con-laudelino-fue-un-compartir-de-musica-y-anecdotas","status":"publish","type":"post","link":"https:\/\/ciudadtrujillo.com\/?p=22563","title":{"rendered":"\u201cEncuentro con Laudelino\u201d fue un compartir de m\u00fasica y an\u00e9cdotas"},"content":{"rendered":"<p style=\"text-align: justify;\">M\u00fasica, arte y remembranza fueron parte de las actividades desarrolladas durante el \u201cEncuentro con Laudelino\u201d, un compartir que surgi\u00f3 de la inspiraci\u00f3n del m\u00fasico y escultor Carlos Torres, en conjunto con la Banda Oficial de Conciertos \u201cLaudelino Mej\u00edas\u201d y el Instituto de la Cultura y las Artes del estado Trujillo, con el objetivo de celebrar a los m\u00fasicos y reconocer al gran maestro trujillano.<\/p>\n<p style=\"text-align: justify;\">La actividad se desarroll\u00f3 en la sede de la Banda \u201cLaudelino Mej\u00edas\u201d y fue un compartir que incluy\u00f3 la inauguraci\u00f3n de la exposici\u00f3n Retrospectiva del profesor Carlos, as\u00ed como un conversatorio y anecdotario, donde participaron varios de los invitados al encuentro.<\/p>\n<p style=\"text-align: justify;\">Las palabras de inicio estuvieron a cargo de Edgar Barreto, autoridad \u00fanica de Cultura en la entidad, quien felicit\u00f3 a los m\u00fasicos por estas iniciativas y los motiv\u00f3 a trabajar por el reimpulso de la cultura trujillana. \u201cEs muy satisfactorio estar ac\u00e1 compartiendo con todos ustedes para celebrar juntos la m\u00fasica, me alegra profundamente ver como este gremio trabaja unido y los invito a que trabajemos en equipo, en armon\u00eda para fortalecer nuestra cultura y tradiciones\u201d.<\/p>\n<p style=\"text-align: justify;\">Barreto felicit\u00f3 al profesor Torres por su incansable trabajo y reconoci\u00f3 su labor en pro de la cultura trujillana. \u201cMuchas gracias a Carlos Torres por esta iniciativa, que busca rendirle un tributo a Laudelino, a su m\u00fasica y a todos los trujillanos que marcaron la historia cultural. El profesor Torres viene desarrollando un importante trabajo que desde el Instituto de la Cultura estamos apoyando y fomentando, tenemos muchos proyectos que iremos desarrollando poco a poco\u201d.<\/p>\n<h3 style=\"text-align: justify;\">La puerta<\/h3>\n<p style=\"text-align: justify;\">Inspirado en la popular fotograf\u00eda de Laudelino Mej\u00edas sentado en su p\u00f3rtico, Carlos Torres cre\u00f3 una pieza \u00fanica en madera, la cual dio inicio a esta actividad, pues fue el punto central de la exposici\u00f3n que se abri\u00f3 en las oficinas de la centenaria Banda.<\/p>\n<p style=\"text-align: justify;\">La rese\u00f1a de la pieza habla sobre el sentimiento que despert\u00f3 en el escultor esta imagen del gran maestro Mej\u00edas, quien ten\u00eda por costumbre sentarse en la puerta de su casa a ver pasar a sus vecinos y amigos, conversando con los viandantes y compartiendo su jocosidad.<\/p>\n<p style=\"text-align: justify;\">La pieza en s\u00ed, es una escultura tallada en madera, que inmortaliza en tres dimensiones la ic\u00f3nica fotograf\u00eda del maestro Mej\u00edas. Sentado en su p\u00f3rtico, con un cigarro en su mano y repantigado sobre las patas traseras de su vieja silla, el maestro observar\u00e1 por la eternidad amparado por las grandes puertas de madera de la que otrora fuera su vivienda.<\/p>\n<h3 style=\"text-align: justify;\">Encuentro con los m\u00fasicos<\/h3>\n<p style=\"text-align: justify;\">Luego de la inauguraci\u00f3n de la exposici\u00f3n y la develaci\u00f3n de \u201cLa Puerta\u201d se procedi\u00f3 al concierto conversatorio, donde los miembros de la Centenaria Banda interpretaron piezas cl\u00e1sicas del cancionero trujillano, al tiempo que los m\u00fasicos hablaban sobre los grandes maestros que hoy ya no nos acompa\u00f1an.<\/p>\n<p style=\"text-align: justify;\">Adem\u00e1s de Laudelino, en este espacio se record\u00f3 a Luciano Macaferri, Alberto Aranguren, Alirio D\u00edaz, Antonio Carre\u00f1o, entre otros grandes m\u00fasicos, quienes dejaron un importante legado a trav\u00e9s de sus composiciones y arreglos, as\u00ed como en las generaciones que formaron.<\/p>\n<p style=\"text-align: justify;\">El evento concluy\u00f3 con la interpretaci\u00f3n del vals Conticinio, por parte de la Banda Oficial de Conciertos \u201cLaudelino Mej\u00edas\u201d, bajo la batuta del profesor Jos\u00e9 de la Paz Brice\u00f1o.<\/p>\n<p>&nbsp;<\/p>\n<p>&nbsp;<\/p>\n<h6>Prensa Incaet\/ Viviana Cegarra Soto\/Gr\u00e1ficas: Cortes\u00eda<\/h6>\n","protected":false},"excerpt":{"rendered":"<p>M\u00fasica, arte y remembranza fueron parte de las actividades desarrolladas durante el \u201cEncuentro con Laudelino\u201d, un compartir que surgi\u00f3 de la inspiraci\u00f3n del m\u00fasico y escultor Carlos Torres, en conjunto&hellip; <\/p>\n","protected":false},"author":1,"featured_media":22564,"comment_status":"closed","ping_status":"closed","sticky":false,"template":"","format":"standard","meta":{"footnotes":""},"categories":[40],"tags":[],"class_list":["post-22563","post","type-post","status-publish","format-standard","has-post-thumbnail","hentry","category-grantrujillo"],"_links":{"self":[{"href":"https:\/\/ciudadtrujillo.com\/index.php?rest_route=\/wp\/v2\/posts\/22563","targetHints":{"allow":["GET"]}}],"collection":[{"href":"https:\/\/ciudadtrujillo.com\/index.php?rest_route=\/wp\/v2\/posts"}],"about":[{"href":"https:\/\/ciudadtrujillo.com\/index.php?rest_route=\/wp\/v2\/types\/post"}],"author":[{"embeddable":true,"href":"https:\/\/ciudadtrujillo.com\/index.php?rest_route=\/wp\/v2\/users\/1"}],"replies":[{"embeddable":true,"href":"https:\/\/ciudadtrujillo.com\/index.php?rest_route=%2Fwp%2Fv2%2Fcomments&post=22563"}],"version-history":[{"count":1,"href":"https:\/\/ciudadtrujillo.com\/index.php?rest_route=\/wp\/v2\/posts\/22563\/revisions"}],"predecessor-version":[{"id":22565,"href":"https:\/\/ciudadtrujillo.com\/index.php?rest_route=\/wp\/v2\/posts\/22563\/revisions\/22565"}],"wp:featuredmedia":[{"embeddable":true,"href":"https:\/\/ciudadtrujillo.com\/index.php?rest_route=\/wp\/v2\/media\/22564"}],"wp:attachment":[{"href":"https:\/\/ciudadtrujillo.com\/index.php?rest_route=%2Fwp%2Fv2%2Fmedia&parent=22563"}],"wp:term":[{"taxonomy":"category","embeddable":true,"href":"https:\/\/ciudadtrujillo.com\/index.php?rest_route=%2Fwp%2Fv2%2Fcategories&post=22563"},{"taxonomy":"post_tag","embeddable":true,"href":"https:\/\/ciudadtrujillo.com\/index.php?rest_route=%2Fwp%2Fv2%2Ftags&post=22563"}],"curies":[{"name":"wp","href":"https:\/\/api.w.org\/{rel}","templated":true}]}}