{"id":22560,"date":"2022-11-16T18:38:29","date_gmt":"2022-11-16T22:38:29","guid":{"rendered":"http:\/\/ciudadtrujillo.com\/?p=22560"},"modified":"2022-11-16T18:38:29","modified_gmt":"2022-11-16T22:38:29","slug":"casa-de-los-ninos-madreselva-conmemoro-su-aniversario-numero-cuarenta","status":"publish","type":"post","link":"https:\/\/ciudadtrujillo.com\/?p=22560","title":{"rendered":"Casa de los Ni\u00f1os Madreselva conmemor\u00f3 su aniversario n\u00famero cuarenta"},"content":{"rendered":"<p style=\"text-align: justify;\">Con mucho entusiasmo, alegr\u00eda y el compartir de una fiesta, los ni\u00f1os, ni\u00f1as y adolescentes, llevaron a cabo la celebraci\u00f3n del aniversario n\u00famero 40 de la Casa de los Ni\u00f1os \u201cMadreselva\u201d, adscrita a la Fundaci\u00f3n Regional \u201cEl Ni\u00f1o Sim\u00f3n\u201d Trujillo, liderada por Reyna P\u00e9rez de M\u00e1rquez, ubicada en el municipio Betijoque, la cual fue inaugurada en el a\u00f1o 1982, brindando formaci\u00f3n y orientaciones pedag\u00f3gicas al Semillero de la Patria, contando con un personal capacitado para garantizar atenci\u00f3n integral.<\/p>\n<p style=\"text-align: justify;\">Durante la actividad, los consentidos de la casa, disfrutaron de castillos inflables, pintacaritas, juegos y sorpresas. Para la ni\u00f1a Aranza Araujo manifest\u00f3: \u201cEstamos de fiesta cumpliendo, compartiendo con mis amigos, vamos a sonre\u00edr y bailar, me siento feliz\u201d.<\/p>\n<p style=\"text-align: justify;\">En estos espacios se atiende una matr\u00edcula de 51 ni\u00f1os y ni\u00f1as, con edades comprendidas entre 6 y 12 a\u00f1os de edad. Es de resaltar que en esta casa, los ni\u00f1os reciben orientaciones pedag\u00f3gicas, reforzamiento escolar, as\u00ed como tambi\u00e9n computaci\u00f3n, teatro, danza, deporte, m\u00fasica, entre otras.<\/p>\n<p>&nbsp;<\/p>\n<p>&nbsp;<\/p>\n<h6>Prensa Frnstru \/ Karelis Dur\u00e1n<\/h6>\n","protected":false},"excerpt":{"rendered":"<p>Con mucho entusiasmo, alegr\u00eda y el compartir de una fiesta, los ni\u00f1os, ni\u00f1as y adolescentes, llevaron a cabo la celebraci\u00f3n del aniversario n\u00famero 40 de la Casa de los Ni\u00f1os&hellip; <\/p>\n","protected":false},"author":1,"featured_media":22561,"comment_status":"closed","ping_status":"closed","sticky":false,"template":"","format":"standard","meta":{"footnotes":""},"categories":[40],"tags":[],"class_list":["post-22560","post","type-post","status-publish","format-standard","has-post-thumbnail","hentry","category-grantrujillo"],"_links":{"self":[{"href":"https:\/\/ciudadtrujillo.com\/index.php?rest_route=\/wp\/v2\/posts\/22560","targetHints":{"allow":["GET"]}}],"collection":[{"href":"https:\/\/ciudadtrujillo.com\/index.php?rest_route=\/wp\/v2\/posts"}],"about":[{"href":"https:\/\/ciudadtrujillo.com\/index.php?rest_route=\/wp\/v2\/types\/post"}],"author":[{"embeddable":true,"href":"https:\/\/ciudadtrujillo.com\/index.php?rest_route=\/wp\/v2\/users\/1"}],"replies":[{"embeddable":true,"href":"https:\/\/ciudadtrujillo.com\/index.php?rest_route=%2Fwp%2Fv2%2Fcomments&post=22560"}],"version-history":[{"count":1,"href":"https:\/\/ciudadtrujillo.com\/index.php?rest_route=\/wp\/v2\/posts\/22560\/revisions"}],"predecessor-version":[{"id":22562,"href":"https:\/\/ciudadtrujillo.com\/index.php?rest_route=\/wp\/v2\/posts\/22560\/revisions\/22562"}],"wp:featuredmedia":[{"embeddable":true,"href":"https:\/\/ciudadtrujillo.com\/index.php?rest_route=\/wp\/v2\/media\/22561"}],"wp:attachment":[{"href":"https:\/\/ciudadtrujillo.com\/index.php?rest_route=%2Fwp%2Fv2%2Fmedia&parent=22560"}],"wp:term":[{"taxonomy":"category","embeddable":true,"href":"https:\/\/ciudadtrujillo.com\/index.php?rest_route=%2Fwp%2Fv2%2Fcategories&post=22560"},{"taxonomy":"post_tag","embeddable":true,"href":"https:\/\/ciudadtrujillo.com\/index.php?rest_route=%2Fwp%2Fv2%2Ftags&post=22560"}],"curies":[{"name":"wp","href":"https:\/\/api.w.org\/{rel}","templated":true}]}}