{"id":22487,"date":"2022-11-14T18:27:33","date_gmt":"2022-11-14T22:27:33","guid":{"rendered":"http:\/\/ciudadtrujillo.com\/?p=22487"},"modified":"2022-11-14T18:27:33","modified_gmt":"2022-11-14T22:27:33","slug":"revisan-atencion-de-personas-y-vialidades-perjudicadas-por-precipitaciones","status":"publish","type":"post","link":"https:\/\/ciudadtrujillo.com\/?p=22487","title":{"rendered":"Revisan atenci\u00f3n de personas y vialidades perjudicadas por precipitaciones"},"content":{"rendered":"<p style=\"text-align: justify;\">Como parte de las instrucciones del gobernador My. Gerardo M\u00e1rquez, este lunes se realiz\u00f3 un gabinete regional para avanzar en la atenci\u00f3n de las familias y vialidades afectadas por las lluvias de las \u00faltimas horas, adem\u00e1s, para la ejecuci\u00f3n de diferentes proyectos en lo que resta del a\u00f1o.<\/p>\n<p style=\"text-align: justify;\">Detall\u00f3 que no solo Valera, San Rafael de Carvajal y Trujillo han sido perjudicados por las fuertes precipitaciones de los \u00faltimos d\u00edas, sino tambi\u00e9n Pamp\u00e1n, Pampanito, adem\u00e1s, coment\u00f3 que no se ha dejado de atender a Jos\u00e9 Felipe M\u00e1rquez Canizalez y Monte Carmelo.<\/p>\n<p style=\"text-align: justify;\">\u201cLas \u00faltimas lluvias nos produjo una gran cantidad de personas afectadas en sus viviendas, en este momento estamos trabajando con los refugios solidarios, los vecinos, amigos y familiares que reciben a estos compatriotas que han quedado sin vivienda, algunas de ellas con p\u00e9rdida del 100 % (\u2026) seguimos preparando los dem\u00e1s refugios, especialmente el Vel\u00f3dromo de Mendoza Fr\u00eda\u201d.<\/p>\n<p style=\"text-align: justify;\">Y\u00e9pez Castro pidi\u00f3 el acompa\u00f1amiento de la poblaci\u00f3n para que est\u00e9n muy conscientes de la realidad para que \u201cnos cuidemos todos, sepan que aqu\u00ed hay un equipo de gobierno que estar\u00e1 siempre dispuesto las 24 horas del d\u00eda, los siete d\u00edas de la semana para atender cualquier afectaci\u00f3n que se pudiera estar presentando.<\/p>\n<p style=\"text-align: justify;\">Adem\u00e1s se trataron temas como la ejecuci\u00f3n de proyectos con motivo de los 202 a\u00f1os del Tratado de Armisticio y Regularizaci\u00f3n de la Guerra en Santa Ana, rehabilitaci\u00f3n de diferentes vialidades en la regi\u00f3n y recuperaci\u00f3n de espacios para el disfrute de las familias en esta temporada navide\u00f1a.<\/p>\n<p style=\"text-align: justify;\">\n<p>&nbsp;<\/p>\n<p>&nbsp;<\/p>\n<h6>Eliph Catalina Fern\u00e1ndez\/Gr\u00e1ficas: Alejandro Pujol<\/h6>\n","protected":false},"excerpt":{"rendered":"<p>Como parte de las instrucciones del gobernador My. Gerardo M\u00e1rquez, este lunes se realiz\u00f3 un gabinete regional para avanzar en la atenci\u00f3n de las familias y vialidades afectadas por las&hellip; <\/p>\n","protected":false},"author":1,"featured_media":22488,"comment_status":"closed","ping_status":"closed","sticky":false,"template":"","format":"standard","meta":{"footnotes":""},"categories":[40],"tags":[],"class_list":["post-22487","post","type-post","status-publish","format-standard","has-post-thumbnail","hentry","category-grantrujillo"],"_links":{"self":[{"href":"https:\/\/ciudadtrujillo.com\/index.php?rest_route=\/wp\/v2\/posts\/22487","targetHints":{"allow":["GET"]}}],"collection":[{"href":"https:\/\/ciudadtrujillo.com\/index.php?rest_route=\/wp\/v2\/posts"}],"about":[{"href":"https:\/\/ciudadtrujillo.com\/index.php?rest_route=\/wp\/v2\/types\/post"}],"author":[{"embeddable":true,"href":"https:\/\/ciudadtrujillo.com\/index.php?rest_route=\/wp\/v2\/users\/1"}],"replies":[{"embeddable":true,"href":"https:\/\/ciudadtrujillo.com\/index.php?rest_route=%2Fwp%2Fv2%2Fcomments&post=22487"}],"version-history":[{"count":1,"href":"https:\/\/ciudadtrujillo.com\/index.php?rest_route=\/wp\/v2\/posts\/22487\/revisions"}],"predecessor-version":[{"id":22489,"href":"https:\/\/ciudadtrujillo.com\/index.php?rest_route=\/wp\/v2\/posts\/22487\/revisions\/22489"}],"wp:featuredmedia":[{"embeddable":true,"href":"https:\/\/ciudadtrujillo.com\/index.php?rest_route=\/wp\/v2\/media\/22488"}],"wp:attachment":[{"href":"https:\/\/ciudadtrujillo.com\/index.php?rest_route=%2Fwp%2Fv2%2Fmedia&parent=22487"}],"wp:term":[{"taxonomy":"category","embeddable":true,"href":"https:\/\/ciudadtrujillo.com\/index.php?rest_route=%2Fwp%2Fv2%2Fcategories&post=22487"},{"taxonomy":"post_tag","embeddable":true,"href":"https:\/\/ciudadtrujillo.com\/index.php?rest_route=%2Fwp%2Fv2%2Ftags&post=22487"}],"curies":[{"name":"wp","href":"https:\/\/api.w.org\/{rel}","templated":true}]}}