{"id":22483,"date":"2022-11-14T18:22:16","date_gmt":"2022-11-14T22:22:16","guid":{"rendered":"http:\/\/ciudadtrujillo.com\/?p=22483"},"modified":"2022-11-14T18:22:16","modified_gmt":"2022-11-14T22:22:16","slug":"gobierno-bolivariano-colma-de-ambiente-navideno-los-espacios-en-plaza-las-banderas-y-parque-los-ilustres-de-valera","status":"publish","type":"post","link":"https:\/\/ciudadtrujillo.com\/?p=22483","title":{"rendered":"Gobierno Bolivariano colma de ambiente navide\u00f1o los espacios en plaza Las Banderas y parque Los Ilustres de Valera"},"content":{"rendered":"<p style=\"text-align: justify;\">Entre adornos alusivos a la navidad y el ambiente propio de la \u00e9poca, el pueblo valerano disfrut\u00f3 este domingo del encendido de luces en la plaza Las Banderas y el parque Los Ilustres de la Ciudad de las Siete Colinas. Las risas de los m\u00e1s peque\u00f1os colmaban de encanto los espacios en los que se ha plasmado una huella caracter\u00edstica de amor.<\/p>\n<p style=\"text-align: justify;\">\n<p style=\"text-align: justify;\">Al respecto, el gobernador de Trujillo, My. Gerardo M\u00e1rquez, reiter\u00f3 que la bienvenida a la navidad en el municipio m\u00e1s comercial del estado representa el esfuerzo del ejecutivo regional por brindar espacios de alegr\u00eda y disfrute para la \u00e9poca decembrina.<\/p>\n<p style=\"text-align: justify;\">\n<p style=\"text-align: justify;\">Acompa\u00f1ado de la primera combatiente, Reyna P\u00e9rez de M\u00e1rquez, el mandatario regional encabez\u00f3 las actividades en las que el sentir trujillano estuvo presente de principio a fin. \u201cAqu\u00ed est\u00e1 la familia en una multitudinaria asistencia a estas actividades organizadas por el Gobierno Bolivariano (\u2026) el pr\u00f3ximo 3 de diciembre haremos un nuevo parrand\u00f3n para que podamos gozar de estas navidades en uni\u00f3n\u201d, resalt\u00f3 M\u00e1rquez.<\/p>\n<p style=\"text-align: justify;\">\n<p style=\"text-align: justify;\">Ante la mirada brillante y deslumbrada de los ni\u00f1os y ni\u00f1as, el pueblo se paseaba con regocijo y felicidad por cada lugar decorado. Para la se\u00f1ora Yasm\u00edn de Pinto, las actividades organizadas han estado a la altura de lo que el pueblo merece, \u201cfelicito al gobernador y a sus esposa por esta decoraci\u00f3n para Valera; me parece que ha sido algo demasiado bello (\u2026) mis nietos est\u00e1n disfrutando de este maravilloso espacio en la plaza Las Banderas\u201d.<\/p>\n<p style=\"text-align: justify;\">\n<p style=\"text-align: justify;\">El ni\u00f1o Carlos Pinto expres\u00f3: \u201cMe siento de verdad orgulloso porque es primera vez que hacen esto, adem\u00e1s que es un privilegio de que seamos los ni\u00f1os quienes estemos aqu\u00ed y apreciar que est\u00e9 tan bonito todo\u201d. De igual manera, la ni\u00f1a Scarlet Gonz\u00e1lez invit\u00f3 a los padres a llevar a sus hijos a estos espacios en los que pueden pasar un momento diferente; \u201cesto es muy asombroso, me encanta demasiado\u201d, dijo.<\/p>\n<p style=\"text-align: justify;\">\n<p style=\"text-align: justify;\">\u201cPrimera vez que yo veo a Valera as\u00ed, todo est\u00e1 muy hermoso (\u2026) gracias al gobierno que ha dispuesto de los organismos de seguridad para que todos disfrutemos\u201d, indic\u00f3 Maritza Sulbar\u00e1n al tiempo que invit\u00f3 al pueblo a cuidar de las decoraciones y los espacios.<\/p>\n<p>&nbsp;<\/p>\n<p>&nbsp;<\/p>\n<h6>Yelimar Hidalgo\/Gr\u00e1ficas: Fernando Chuecos<\/h6>\n<p style=\"text-align: justify;\">\n","protected":false},"excerpt":{"rendered":"<p>Entre adornos alusivos a la navidad y el ambiente propio de la \u00e9poca, el pueblo valerano disfrut\u00f3 este domingo del encendido de luces en la plaza Las Banderas y el&hellip; <\/p>\n","protected":false},"author":1,"featured_media":22485,"comment_status":"closed","ping_status":"closed","sticky":false,"template":"","format":"standard","meta":{"footnotes":""},"categories":[52,40],"tags":[],"class_list":["post-22483","post","type-post","status-publish","format-standard","has-post-thumbnail","hentry","category-destacadas","category-grantrujillo"],"_links":{"self":[{"href":"https:\/\/ciudadtrujillo.com\/index.php?rest_route=\/wp\/v2\/posts\/22483","targetHints":{"allow":["GET"]}}],"collection":[{"href":"https:\/\/ciudadtrujillo.com\/index.php?rest_route=\/wp\/v2\/posts"}],"about":[{"href":"https:\/\/ciudadtrujillo.com\/index.php?rest_route=\/wp\/v2\/types\/post"}],"author":[{"embeddable":true,"href":"https:\/\/ciudadtrujillo.com\/index.php?rest_route=\/wp\/v2\/users\/1"}],"replies":[{"embeddable":true,"href":"https:\/\/ciudadtrujillo.com\/index.php?rest_route=%2Fwp%2Fv2%2Fcomments&post=22483"}],"version-history":[{"count":1,"href":"https:\/\/ciudadtrujillo.com\/index.php?rest_route=\/wp\/v2\/posts\/22483\/revisions"}],"predecessor-version":[{"id":22486,"href":"https:\/\/ciudadtrujillo.com\/index.php?rest_route=\/wp\/v2\/posts\/22483\/revisions\/22486"}],"wp:featuredmedia":[{"embeddable":true,"href":"https:\/\/ciudadtrujillo.com\/index.php?rest_route=\/wp\/v2\/media\/22485"}],"wp:attachment":[{"href":"https:\/\/ciudadtrujillo.com\/index.php?rest_route=%2Fwp%2Fv2%2Fmedia&parent=22483"}],"wp:term":[{"taxonomy":"category","embeddable":true,"href":"https:\/\/ciudadtrujillo.com\/index.php?rest_route=%2Fwp%2Fv2%2Fcategories&post=22483"},{"taxonomy":"post_tag","embeddable":true,"href":"https:\/\/ciudadtrujillo.com\/index.php?rest_route=%2Fwp%2Fv2%2Ftags&post=22483"}],"curies":[{"name":"wp","href":"https:\/\/api.w.org\/{rel}","templated":true}]}}