{"id":22480,"date":"2022-11-14T18:16:01","date_gmt":"2022-11-14T22:16:01","guid":{"rendered":"http:\/\/ciudadtrujillo.com\/?p=22480"},"modified":"2022-11-14T18:16:01","modified_gmt":"2022-11-14T22:16:01","slug":"por-prevencion-cierran-un-canal-de-la-via-principal-en-el-prado","status":"publish","type":"post","link":"https:\/\/ciudadtrujillo.com\/?p=22480","title":{"rendered":"Por prevenci\u00f3n cierran un canal de la v\u00eda principal en El Prado"},"content":{"rendered":"<p style=\"text-align: justify;\">Luego de las afectaciones por las fuertes precipitaciones de los \u00faltimos d\u00edas, organismos de prevenci\u00f3n, seguridad e infraestructura cerraron un canal de la v\u00eda en la entrada del municipio Trujillo, a la altura de la redoma del sector El Prado. Realizar\u00e1n trabajos para la canalizaci\u00f3n del r\u00edo y as\u00ed minimizar los riesgos.<\/p>\n<p style=\"text-align: justify;\">C\u00e9sar Fern\u00e1ndez, director de Protecci\u00f3n Civil y Administraci\u00f3n de Desastres, detall\u00f3 que por la crecida del caudal del r\u00edo, en cuyo caudal confluyen el Mocoy y el Cast\u00e1n, est\u00e1 socavando la calzada, y por prevenci\u00f3n se cerr\u00f3 el canal derecho en sentido Pampanito \u2013 Trujillo, para ejecutar los trabajos con una m\u00e1quina tipo jumbo.<\/p>\n<p style=\"text-align: justify;\">Fern\u00e1ndez detall\u00f3 que en el sector Prado Alto fueron perjudicadas 76 personas por la anegaci\u00f3n de sus 20 viviendas y deslizamiento de talud.<\/p>\n<p style=\"text-align: justify;\">En dicho sector, el d\u00eda viernes en la noche result\u00f3 afectado un poste de electricidad, que perjudic\u00f3 el suministro del servicio en la urbanizaci\u00f3n cercana. Las cuadrillas de Corpoelec se desplegaron para recuperarla en pocas horas.<\/p>\n<p style=\"text-align: justify;\">\n<p>&nbsp;<\/p>\n<p>&nbsp;<\/p>\n<h6>Eliph Catalina Fern\u00e1ndez\/Gr\u00e1ficas: Cortes\u00eda<\/h6>\n","protected":false},"excerpt":{"rendered":"<p>Luego de las afectaciones por las fuertes precipitaciones de los \u00faltimos d\u00edas, organismos de prevenci\u00f3n, seguridad e infraestructura cerraron un canal de la v\u00eda en la entrada del municipio Trujillo,&hellip; <\/p>\n","protected":false},"author":1,"featured_media":22481,"comment_status":"closed","ping_status":"closed","sticky":false,"template":"","format":"standard","meta":{"footnotes":""},"categories":[52,40],"tags":[],"class_list":["post-22480","post","type-post","status-publish","format-standard","has-post-thumbnail","hentry","category-destacadas","category-grantrujillo"],"_links":{"self":[{"href":"https:\/\/ciudadtrujillo.com\/index.php?rest_route=\/wp\/v2\/posts\/22480","targetHints":{"allow":["GET"]}}],"collection":[{"href":"https:\/\/ciudadtrujillo.com\/index.php?rest_route=\/wp\/v2\/posts"}],"about":[{"href":"https:\/\/ciudadtrujillo.com\/index.php?rest_route=\/wp\/v2\/types\/post"}],"author":[{"embeddable":true,"href":"https:\/\/ciudadtrujillo.com\/index.php?rest_route=\/wp\/v2\/users\/1"}],"replies":[{"embeddable":true,"href":"https:\/\/ciudadtrujillo.com\/index.php?rest_route=%2Fwp%2Fv2%2Fcomments&post=22480"}],"version-history":[{"count":1,"href":"https:\/\/ciudadtrujillo.com\/index.php?rest_route=\/wp\/v2\/posts\/22480\/revisions"}],"predecessor-version":[{"id":22482,"href":"https:\/\/ciudadtrujillo.com\/index.php?rest_route=\/wp\/v2\/posts\/22480\/revisions\/22482"}],"wp:featuredmedia":[{"embeddable":true,"href":"https:\/\/ciudadtrujillo.com\/index.php?rest_route=\/wp\/v2\/media\/22481"}],"wp:attachment":[{"href":"https:\/\/ciudadtrujillo.com\/index.php?rest_route=%2Fwp%2Fv2%2Fmedia&parent=22480"}],"wp:term":[{"taxonomy":"category","embeddable":true,"href":"https:\/\/ciudadtrujillo.com\/index.php?rest_route=%2Fwp%2Fv2%2Fcategories&post=22480"},{"taxonomy":"post_tag","embeddable":true,"href":"https:\/\/ciudadtrujillo.com\/index.php?rest_route=%2Fwp%2Fv2%2Ftags&post=22480"}],"curies":[{"name":"wp","href":"https:\/\/api.w.org\/{rel}","templated":true}]}}