{"id":22474,"date":"2022-11-14T18:07:46","date_gmt":"2022-11-14T22:07:46","guid":{"rendered":"http:\/\/ciudadtrujillo.com\/?p=22474"},"modified":"2022-11-14T18:07:48","modified_gmt":"2022-11-14T22:07:48","slug":"trujillo-gas-comunal-abordo-mas-de-10-municipios-con-jornadas-de-distribucion","status":"publish","type":"post","link":"https:\/\/ciudadtrujillo.com\/?p=22474","title":{"rendered":"Trujillo Gas Comunal abord\u00f3 m\u00e1s de 10 municipios con jornadas de distribuci\u00f3n"},"content":{"rendered":"<p style=\"text-align: justify;\">Un total de 13 municipios del estado fueron abordados en la \u00faltima semana con las jornadas de distribuci\u00f3n de Trujillo Gas Comunal, como parte de las acciones que se adelantan desde la empresa para fortalecer el servicio bajo lineamientos del gobernador My. Gerardo M\u00e1rquez.<\/p>\n<p style=\"text-align: justify;\">Los municipios atendidos con las jornadas fueron: Betijoque, Bocon\u00f3, Carache, La Ceiba, Miranda, Monte Carmelo, Pamp\u00e1n, Pampanito, San Rafael de Carvajal, Sucre, Urdaneta y Valera, adem\u00e1s de Miranda (M\u00e9rida), donde se favorecieron a 15 mil 134 familias.<\/p>\n<p style=\"text-align: justify;\">A trav\u00e9s de los diferentes despliegues se despacharon 17 mil 380 cilindros en uni\u00f3n con los Comit\u00e9s Locales de Abastecimiento y Producci\u00f3n (Clap), orientados por el Presidente Nicol\u00e1s Maduro, la presidenta de Pdvsa Gas Comunal, Dra. Caryl Bertho y el gobernador Gerardo M\u00e1rquez.<\/p>\n<p>&nbsp;<\/p>\n<p>&nbsp;<\/p>\n<h6>Yarlenis Albarr\u00e1n\/Gr\u00e1ficas: Cortes\u00eda<\/h6>\n","protected":false},"excerpt":{"rendered":"<p>Un total de 13 municipios del estado fueron abordados en la \u00faltima semana con las jornadas de distribuci\u00f3n de Trujillo Gas Comunal, como parte de las acciones que se adelantan&hellip; <\/p>\n","protected":false},"author":1,"featured_media":22475,"comment_status":"closed","ping_status":"closed","sticky":false,"template":"","format":"standard","meta":{"footnotes":""},"categories":[40],"tags":[],"class_list":["post-22474","post","type-post","status-publish","format-standard","has-post-thumbnail","hentry","category-grantrujillo"],"_links":{"self":[{"href":"https:\/\/ciudadtrujillo.com\/index.php?rest_route=\/wp\/v2\/posts\/22474","targetHints":{"allow":["GET"]}}],"collection":[{"href":"https:\/\/ciudadtrujillo.com\/index.php?rest_route=\/wp\/v2\/posts"}],"about":[{"href":"https:\/\/ciudadtrujillo.com\/index.php?rest_route=\/wp\/v2\/types\/post"}],"author":[{"embeddable":true,"href":"https:\/\/ciudadtrujillo.com\/index.php?rest_route=\/wp\/v2\/users\/1"}],"replies":[{"embeddable":true,"href":"https:\/\/ciudadtrujillo.com\/index.php?rest_route=%2Fwp%2Fv2%2Fcomments&post=22474"}],"version-history":[{"count":1,"href":"https:\/\/ciudadtrujillo.com\/index.php?rest_route=\/wp\/v2\/posts\/22474\/revisions"}],"predecessor-version":[{"id":22476,"href":"https:\/\/ciudadtrujillo.com\/index.php?rest_route=\/wp\/v2\/posts\/22474\/revisions\/22476"}],"wp:featuredmedia":[{"embeddable":true,"href":"https:\/\/ciudadtrujillo.com\/index.php?rest_route=\/wp\/v2\/media\/22475"}],"wp:attachment":[{"href":"https:\/\/ciudadtrujillo.com\/index.php?rest_route=%2Fwp%2Fv2%2Fmedia&parent=22474"}],"wp:term":[{"taxonomy":"category","embeddable":true,"href":"https:\/\/ciudadtrujillo.com\/index.php?rest_route=%2Fwp%2Fv2%2Fcategories&post=22474"},{"taxonomy":"post_tag","embeddable":true,"href":"https:\/\/ciudadtrujillo.com\/index.php?rest_route=%2Fwp%2Fv2%2Ftags&post=22474"}],"curies":[{"name":"wp","href":"https:\/\/api.w.org\/{rel}","templated":true}]}}