{"id":22448,"date":"2022-11-14T17:32:39","date_gmt":"2022-11-14T21:32:39","guid":{"rendered":"http:\/\/ciudadtrujillo.com\/?p=22448"},"modified":"2022-11-14T17:32:39","modified_gmt":"2022-11-14T21:32:39","slug":"mas-de-mil-trabajadores-del-ministerio-de-educacion-fueron-atendidos-para-su-proceso-de-incapacidad","status":"publish","type":"post","link":"https:\/\/ciudadtrujillo.com\/?p=22448","title":{"rendered":"M\u00e1s de mil trabajadores del Ministerio de Educaci\u00f3n fueron atendidos para su proceso de incapacidad"},"content":{"rendered":"<p style=\"text-align: justify;\">Gracias al trabajo articulado con el Instituto Venezolano de los Seguros Sociales (Ivss) fueron atendidos 1.007 trabajadores del Ministerio del Poder Popular para la Educaci\u00f3n por la Comisi\u00f3n Nacional de Incapacidad Residual, inform\u00f3 la autoridad \u00fanica de Educaci\u00f3n del estado Trujillo, Dra. Mar\u00eda Palomares.<\/p>\n<p style=\"text-align: justify;\">El proceso inici\u00f3 desde la Coordinaci\u00f3n de Seguro Social de la Divisi\u00f3n de Gesti\u00f3n Interna donde se atendi\u00f3 en primer momento al personal obrero, administrativo y docente para posteriormente continuar los tr\u00e1mites con la Oficina Administrativa del Ivss Valera y sucesivamente con la Comisi\u00f3n Regional de Incapacidad Residual.<\/p>\n<p style=\"text-align: justify;\">La autoridad educativa manifest\u00f3 su agradecimiento a los equipos de trabajo responsables de brindar asesor\u00eda y seguimiento a los 1.007 casos atendidos, especialmente a los 52 profesionales entre personal m\u00e9dico especialista y administrativo que llevaron a cabo dicha jornada desde el Hospital del IVSS \u201cDr. Juan Montezuma Ginnari\u201d de Valera.<\/p>\n<p>&nbsp;<\/p>\n<p>&nbsp;<\/p>\n<h6>Prensa Direcci\u00f3n de Educaci\u00f3n\/Gr\u00e1ficas: cortes\u00eda<\/h6>\n","protected":false},"excerpt":{"rendered":"<p>Gracias al trabajo articulado con el Instituto Venezolano de los Seguros Sociales (Ivss) fueron atendidos 1.007 trabajadores del Ministerio del Poder Popular para la Educaci\u00f3n por la Comisi\u00f3n Nacional de&hellip; <\/p>\n","protected":false},"author":1,"featured_media":22449,"comment_status":"closed","ping_status":"closed","sticky":false,"template":"","format":"standard","meta":{"footnotes":""},"categories":[40],"tags":[],"class_list":["post-22448","post","type-post","status-publish","format-standard","has-post-thumbnail","hentry","category-grantrujillo"],"_links":{"self":[{"href":"https:\/\/ciudadtrujillo.com\/index.php?rest_route=\/wp\/v2\/posts\/22448","targetHints":{"allow":["GET"]}}],"collection":[{"href":"https:\/\/ciudadtrujillo.com\/index.php?rest_route=\/wp\/v2\/posts"}],"about":[{"href":"https:\/\/ciudadtrujillo.com\/index.php?rest_route=\/wp\/v2\/types\/post"}],"author":[{"embeddable":true,"href":"https:\/\/ciudadtrujillo.com\/index.php?rest_route=\/wp\/v2\/users\/1"}],"replies":[{"embeddable":true,"href":"https:\/\/ciudadtrujillo.com\/index.php?rest_route=%2Fwp%2Fv2%2Fcomments&post=22448"}],"version-history":[{"count":1,"href":"https:\/\/ciudadtrujillo.com\/index.php?rest_route=\/wp\/v2\/posts\/22448\/revisions"}],"predecessor-version":[{"id":22450,"href":"https:\/\/ciudadtrujillo.com\/index.php?rest_route=\/wp\/v2\/posts\/22448\/revisions\/22450"}],"wp:featuredmedia":[{"embeddable":true,"href":"https:\/\/ciudadtrujillo.com\/index.php?rest_route=\/wp\/v2\/media\/22449"}],"wp:attachment":[{"href":"https:\/\/ciudadtrujillo.com\/index.php?rest_route=%2Fwp%2Fv2%2Fmedia&parent=22448"}],"wp:term":[{"taxonomy":"category","embeddable":true,"href":"https:\/\/ciudadtrujillo.com\/index.php?rest_route=%2Fwp%2Fv2%2Fcategories&post=22448"},{"taxonomy":"post_tag","embeddable":true,"href":"https:\/\/ciudadtrujillo.com\/index.php?rest_route=%2Fwp%2Fv2%2Ftags&post=22448"}],"curies":[{"name":"wp","href":"https:\/\/api.w.org\/{rel}","templated":true}]}}