{"id":22442,"date":"2022-11-14T17:23:57","date_gmt":"2022-11-14T21:23:57","guid":{"rendered":"http:\/\/ciudadtrujillo.com\/?p=22442"},"modified":"2022-11-14T17:23:57","modified_gmt":"2022-11-14T21:23:57","slug":"poetas-presentan-obras-sobre-unidad-y-hermandad-entre-pueblos-en-filven-2022","status":"publish","type":"post","link":"https:\/\/ciudadtrujillo.com\/?p=22442","title":{"rendered":"Poetas presentan obras sobre unidad y hermandad entre pueblos en Filven 2022"},"content":{"rendered":"<p style=\"text-align: justify;\">Los poetas y escritores nacionales e internacionales presentaron sus obras relacionadas a la unidad, hermandad y las luchas entre los pueblos durante la Feria Internacional del Libro de Venezuela (Filven) 2022.<\/p>\n<p style=\"text-align: justify;\">En ese sentido, el ministro del Poder Popular para la Cultura, Ernesto Villegas, llam\u00f3 a la unidad de los talentos del teatro en el pa\u00eds, as\u00ed como la cultura y adem\u00e1s seguir adelante junto a los pueblos.<\/p>\n<p style=\"text-align: justify;\">Mientras, el poeta Gustavo Pereira, como parte del an\u00e1lisis sobre la obra: Bol\u00edvar desde la raz\u00f3n po\u00e9tica, manifest\u00f3 que no es cierto el paso de El Libertador, Sim\u00f3n Bol\u00edvar, en el Volc\u00e1n del Chimborazo, dado a que cuenta con ocho mil metros de altura y tal vez un poco m\u00e1s.<\/p>\n<p style=\"text-align: justify;\">Por otra parte, el escritor cubano, Jos\u00e9 Luis M\u00e9ndez M\u00e9ndez quien dio detalles sobre su obra literaria: Venezuela y la contrarrevoluci\u00f3n cubana, agreg\u00f3 que es una deuda con el pueblo venezolano donde ratifican la hermandad entre los dos pueblos desde el siglo XVII.<\/p>\n<p style=\"text-align: justify;\">\u201cLa tercera etapa, es una de las m\u00e1s importantes, debido a que la Revoluci\u00f3n cubana y venezolana se han unido desde finales de la d\u00e9cada de los 90 con el Comandante Supremo Hugo Ch\u00e1vez\u201d, apunt\u00f3.<\/p>\n<p style=\"text-align: justify;\">Asimismo, la vicepresidenta del Instituto Cubano del Libro, Nancy Hern\u00e1ndez subray\u00f3 que garantizan al p\u00fablico de la Feria Internacional del Libro de Venezuela (Filven) 2022, m\u00e1s de 150 t\u00edtulos y m\u00e1s de 800 ejemplares para el disfrute de los visitantes.<\/p>\n<p style=\"text-align: justify;\">\n<p>&nbsp;<\/p>\n<p>&nbsp;<\/p>\n<h6>VTV\/Gr\u00e1fica: Cortes\u00eda<\/h6>\n","protected":false},"excerpt":{"rendered":"<p>Los poetas y escritores nacionales e internacionales presentaron sus obras relacionadas a la unidad, hermandad y las luchas entre los pueblos durante la Feria Internacional del Libro de Venezuela (Filven)&hellip; <\/p>\n","protected":false},"author":1,"featured_media":22443,"comment_status":"closed","ping_status":"closed","sticky":false,"template":"","format":"standard","meta":{"footnotes":""},"categories":[46],"tags":[],"class_list":["post-22442","post","type-post","status-publish","format-standard","has-post-thumbnail","hentry","category-cultura"],"_links":{"self":[{"href":"https:\/\/ciudadtrujillo.com\/index.php?rest_route=\/wp\/v2\/posts\/22442","targetHints":{"allow":["GET"]}}],"collection":[{"href":"https:\/\/ciudadtrujillo.com\/index.php?rest_route=\/wp\/v2\/posts"}],"about":[{"href":"https:\/\/ciudadtrujillo.com\/index.php?rest_route=\/wp\/v2\/types\/post"}],"author":[{"embeddable":true,"href":"https:\/\/ciudadtrujillo.com\/index.php?rest_route=\/wp\/v2\/users\/1"}],"replies":[{"embeddable":true,"href":"https:\/\/ciudadtrujillo.com\/index.php?rest_route=%2Fwp%2Fv2%2Fcomments&post=22442"}],"version-history":[{"count":1,"href":"https:\/\/ciudadtrujillo.com\/index.php?rest_route=\/wp\/v2\/posts\/22442\/revisions"}],"predecessor-version":[{"id":22444,"href":"https:\/\/ciudadtrujillo.com\/index.php?rest_route=\/wp\/v2\/posts\/22442\/revisions\/22444"}],"wp:featuredmedia":[{"embeddable":true,"href":"https:\/\/ciudadtrujillo.com\/index.php?rest_route=\/wp\/v2\/media\/22443"}],"wp:attachment":[{"href":"https:\/\/ciudadtrujillo.com\/index.php?rest_route=%2Fwp%2Fv2%2Fmedia&parent=22442"}],"wp:term":[{"taxonomy":"category","embeddable":true,"href":"https:\/\/ciudadtrujillo.com\/index.php?rest_route=%2Fwp%2Fv2%2Fcategories&post=22442"},{"taxonomy":"post_tag","embeddable":true,"href":"https:\/\/ciudadtrujillo.com\/index.php?rest_route=%2Fwp%2Fv2%2Ftags&post=22442"}],"curies":[{"name":"wp","href":"https:\/\/api.w.org\/{rel}","templated":true}]}}