{"id":22246,"date":"2022-11-08T15:38:08","date_gmt":"2022-11-08T19:38:08","guid":{"rendered":"http:\/\/ciudadtrujillo.com\/?p=22246"},"modified":"2022-11-08T15:38:08","modified_gmt":"2022-11-08T19:38:08","slug":"fiscal-general-tarek-william-saab-presentara-libro-en-filven-2022","status":"publish","type":"post","link":"https:\/\/ciudadtrujillo.com\/?p=22246","title":{"rendered":"Fiscal general Tarek William Saab presentar\u00e1 libro en Filven 2022"},"content":{"rendered":"<p style=\"text-align: justify;\">Este s\u00e1bado, 12 de noviembre el fiscal general de la Rep\u00fablica, Tarek William Saab, presentar\u00e1 el libro \u201cHoguera de una adolescencia intemporal\u201d, como parte de las actividades programadas en la Feria Internacional del Libro de Venezuela (Filven) 2022.<\/p>\n<p style=\"text-align: justify;\">La publicaci\u00f3n es una compilaci\u00f3n de ensayos, entrevistas, cr\u00f3nicas de viajes y cr\u00edtica literaria, especific\u00f3 Saab en su cuenta Twitter @TarekWiliamSaab<\/p>\n<p style=\"text-align: justify;\">La presentaci\u00f3n la realizar\u00e1 el ministro de Cultura, Ernesto Villegas, y el poeta Luis Alberto Crespo en el Sal\u00f3n \u00c1frica de la Galer\u00eda de Arte Nacional (GAN), la cual est\u00e1 ubicada en la avenida M\u00e9xico, en Caracas, a partir de las 6:00 de la tarde.<\/p>\n<p style=\"text-align: justify;\">\n<p style=\"text-align: justify;\">\n<h6 style=\"text-align: justify;\">VTV<\/h6>\n","protected":false},"excerpt":{"rendered":"<p>Este s\u00e1bado, 12 de noviembre el fiscal general de la Rep\u00fablica, Tarek William Saab, presentar\u00e1 el libro \u201cHoguera de una adolescencia intemporal\u201d, como parte de las actividades programadas en la&hellip; <\/p>\n","protected":false},"author":1,"featured_media":0,"comment_status":"closed","ping_status":"closed","sticky":false,"template":"","format":"standard","meta":{"footnotes":""},"categories":[46],"tags":[],"class_list":["post-22246","post","type-post","status-publish","format-standard","hentry","category-cultura"],"_links":{"self":[{"href":"https:\/\/ciudadtrujillo.com\/index.php?rest_route=\/wp\/v2\/posts\/22246","targetHints":{"allow":["GET"]}}],"collection":[{"href":"https:\/\/ciudadtrujillo.com\/index.php?rest_route=\/wp\/v2\/posts"}],"about":[{"href":"https:\/\/ciudadtrujillo.com\/index.php?rest_route=\/wp\/v2\/types\/post"}],"author":[{"embeddable":true,"href":"https:\/\/ciudadtrujillo.com\/index.php?rest_route=\/wp\/v2\/users\/1"}],"replies":[{"embeddable":true,"href":"https:\/\/ciudadtrujillo.com\/index.php?rest_route=%2Fwp%2Fv2%2Fcomments&post=22246"}],"version-history":[{"count":1,"href":"https:\/\/ciudadtrujillo.com\/index.php?rest_route=\/wp\/v2\/posts\/22246\/revisions"}],"predecessor-version":[{"id":22247,"href":"https:\/\/ciudadtrujillo.com\/index.php?rest_route=\/wp\/v2\/posts\/22246\/revisions\/22247"}],"wp:attachment":[{"href":"https:\/\/ciudadtrujillo.com\/index.php?rest_route=%2Fwp%2Fv2%2Fmedia&parent=22246"}],"wp:term":[{"taxonomy":"category","embeddable":true,"href":"https:\/\/ciudadtrujillo.com\/index.php?rest_route=%2Fwp%2Fv2%2Fcategories&post=22246"},{"taxonomy":"post_tag","embeddable":true,"href":"https:\/\/ciudadtrujillo.com\/index.php?rest_route=%2Fwp%2Fv2%2Ftags&post=22246"}],"curies":[{"name":"wp","href":"https:\/\/api.w.org\/{rel}","templated":true}]}}