{"id":22242,"date":"2022-11-08T15:30:13","date_gmt":"2022-11-08T19:30:13","guid":{"rendered":"http:\/\/ciudadtrujillo.com\/?p=22242"},"modified":"2022-11-08T15:30:13","modified_gmt":"2022-11-08T19:30:13","slug":"paises-asistentes-a-la-cop27-coinciden-en-involucrar-al-derecho-internacional-para-combatir-la-crisis-climatica","status":"publish","type":"post","link":"https:\/\/ciudadtrujillo.com\/?p=22242","title":{"rendered":"Pa\u00edses asistentes a la COP27 coinciden en involucrar al derecho internacional para combatir la crisis clim\u00e1tica"},"content":{"rendered":"<p style=\"text-align: justify;\">El primer Ministro de Antigua y Barbuda, Gaston Browne, afirm\u00f3 en su intervenci\u00f3n en la Cumbre Mundial de L\u00edderes COP27, que parte del inter\u00e9s de los pa\u00edses es luchar contra la crisis clim\u00e1tica y esto incluye: Involucrar al derecho internacional.<\/p>\n<p style=\"text-align: justify;\">En este sentido, destac\u00f3 que para tener una displasia en B\u00e9lgica y Dinamarca, han mostrado diferentes formas de apoyar a los pa\u00edses en desarrollo que han sufrido por el cambio clim\u00e1tico e inst\u00f3 a todos a seguir en la lucha contra la crisis clim\u00e1tica involucrando al derecho internacional.<\/p>\n<p style=\"text-align: justify;\">Por su parte, el presidente de Sud\u00e1frica, Cyril Ramaphosa, subray\u00f3 que actualmente las instituciones financieras deben transformarse y cambiar la manera en la que financian proyectos con el fin de permitir el desarrollo frente al cambio clim\u00e1tico.<\/p>\n<p style=\"text-align: justify;\">Asimismo el jefe de Estado de la Rep\u00fablica de Burundi, Evariste Ndayishimiye, resalt\u00f3 que lo m\u00e1s importante para su naci\u00f3n es superar el desaf\u00edo de restablecer el nivel sobre la cubierta forestal y luchar contra la degradaci\u00f3n de los bosques.<\/p>\n<p style=\"text-align: justify;\">Finalmente el mandatario de la Rep\u00fablica de Ruanda, Paul Kagame a\u00f1adi\u00f3 que la contribuci\u00f3n m\u00e1s valiosa que pueden hacer los pa\u00edses desarrollados, es reducir con mayor velocidad sus emisiones e invertir en \u00c1frica para crear una energ\u00eda verde sostenible.<\/p>\n<p style=\"text-align: justify;\">\n<p style=\"text-align: justify;\">\n<h6 style=\"text-align: justify;\">VTV<\/h6>\n","protected":false},"excerpt":{"rendered":"<p>El primer Ministro de Antigua y Barbuda, Gaston Browne, afirm\u00f3 en su intervenci\u00f3n en la Cumbre Mundial de L\u00edderes COP27, que parte del inter\u00e9s de los pa\u00edses es luchar contra&hellip; <\/p>\n","protected":false},"author":1,"featured_media":22243,"comment_status":"closed","ping_status":"closed","sticky":false,"template":"","format":"standard","meta":{"footnotes":""},"categories":[42],"tags":[],"class_list":["post-22242","post","type-post","status-publish","format-standard","has-post-thumbnail","hentry","category-mundo"],"_links":{"self":[{"href":"https:\/\/ciudadtrujillo.com\/index.php?rest_route=\/wp\/v2\/posts\/22242","targetHints":{"allow":["GET"]}}],"collection":[{"href":"https:\/\/ciudadtrujillo.com\/index.php?rest_route=\/wp\/v2\/posts"}],"about":[{"href":"https:\/\/ciudadtrujillo.com\/index.php?rest_route=\/wp\/v2\/types\/post"}],"author":[{"embeddable":true,"href":"https:\/\/ciudadtrujillo.com\/index.php?rest_route=\/wp\/v2\/users\/1"}],"replies":[{"embeddable":true,"href":"https:\/\/ciudadtrujillo.com\/index.php?rest_route=%2Fwp%2Fv2%2Fcomments&post=22242"}],"version-history":[{"count":1,"href":"https:\/\/ciudadtrujillo.com\/index.php?rest_route=\/wp\/v2\/posts\/22242\/revisions"}],"predecessor-version":[{"id":22244,"href":"https:\/\/ciudadtrujillo.com\/index.php?rest_route=\/wp\/v2\/posts\/22242\/revisions\/22244"}],"wp:featuredmedia":[{"embeddable":true,"href":"https:\/\/ciudadtrujillo.com\/index.php?rest_route=\/wp\/v2\/media\/22243"}],"wp:attachment":[{"href":"https:\/\/ciudadtrujillo.com\/index.php?rest_route=%2Fwp%2Fv2%2Fmedia&parent=22242"}],"wp:term":[{"taxonomy":"category","embeddable":true,"href":"https:\/\/ciudadtrujillo.com\/index.php?rest_route=%2Fwp%2Fv2%2Fcategories&post=22242"},{"taxonomy":"post_tag","embeddable":true,"href":"https:\/\/ciudadtrujillo.com\/index.php?rest_route=%2Fwp%2Fv2%2Ftags&post=22242"}],"curies":[{"name":"wp","href":"https:\/\/api.w.org\/{rel}","templated":true}]}}