{"id":22239,"date":"2022-11-08T15:27:22","date_gmt":"2022-11-08T19:27:22","guid":{"rendered":"http:\/\/ciudadtrujillo.com\/?p=22239"},"modified":"2022-11-08T15:27:22","modified_gmt":"2022-11-08T19:27:22","slug":"saul-ortega-lideres-del-mundo-demuestran-respeto-al-liderazgo-del-presidente-maduro","status":"publish","type":"post","link":"https:\/\/ciudadtrujillo.com\/?p=22239","title":{"rendered":"Sa\u00fal Ortega: L\u00edderes del mundo demuestran respeto al liderazgo del presidente Maduro"},"content":{"rendered":"<p style=\"text-align: justify;\">El integrante de la Comisi\u00f3n de Pol\u00edtica Exterior, Soberan\u00eda e Integraci\u00f3n de la Asamblea Nacional (AN), diputado Sa\u00fal Ortega, resalt\u00f3 el reconocimiento y respeto que han demostrado los l\u00edderes (amigos y adversarios) del mundo, al presidente de la Rep\u00fablica Bolivariana de Venezuela, Nicol\u00e1s Maduro, durante su participaci\u00f3n en la 27 Conferencia de las Naciones Unidas sobre el Cambio Clim\u00e1tico (COP27).<\/p>\n<p style=\"text-align: justify;\">En tal sentido, en entrevista para el programa Caf\u00e9 en la Ma\u00f1ana, transmitido por Venezolana de Televisi\u00f3n (VTV), opin\u00f3 que \u201clas im\u00e1genes son m\u00e1s que evidentes. Venezuela arriba en un momento en el que estamos venciendo el bloqueo (econ\u00f3mico)\u201d, que ha propiciado Estados Unidos (EE. UU.).<\/p>\n<p style=\"text-align: justify;\">En relaci\u00f3n a los temas que conversaron, brevemente, los mandatarios de Venezuela y Francia, el d\u00eda de ayer, el parlamentario consider\u00f3 que este encuentro puede significar que la subordinaci\u00f3n de la Uni\u00f3n Europea a las pol\u00edticas extraterritoriales que aplica EE. UU. llegue a su fin.<\/p>\n<p style=\"text-align: justify;\">Adem\u00e1s, objet\u00f3 como contradictorio que en una cumbre sobre el cambio clim\u00e1tico, presidentes de otras naciones ambicionen el petr\u00f3leo. Por ello, se\u00f1al\u00f3 que el problema de fondo es que los sistemas de producci\u00f3n capitalistas, para recortar los costos, no den uso a las energ\u00edas alternativas y limpias.<\/p>\n<p style=\"text-align: justify;\">En este contexto, resalt\u00f3 que Venezuela ha sido consecuente en la defensa del ambiente desde la suscripci\u00f3n del Protocolo de Kioto (que tiene como objetivo reducir las emisiones de los principales gases de efecto invernadero) y varios acuerdos en materia ambientalista, a diferencia de otras naciones, como por ejemplo EE. UU.<\/p>\n<p style=\"text-align: justify;\">Finalmente, el parlamentario dijo que los acuerdos que se firmen en esta COP27, no prosperar\u00e1n si no se establece un nuevo orden internacional.<\/p>\n<p style=\"text-align: justify;\">\u201cEl viejo orden (geopol\u00edtico) es enemigo del planeta, ambiente, humanidad y de la paz. As\u00ed que es imperativo seguir trabajando por un nuevo orden econ\u00f3mico, pol\u00edtico y social a nivel internacional. Am\u00e9rica Latina ofrece esa oportunidad\u201d, argument\u00f3 Ortega.<\/p>\n<p>&nbsp;<\/p>\n<p>&nbsp;<\/p>\n<h6>VTV<\/h6>\n","protected":false},"excerpt":{"rendered":"<p>El integrante de la Comisi\u00f3n de Pol\u00edtica Exterior, Soberan\u00eda e Integraci\u00f3n de la Asamblea Nacional (AN), diputado Sa\u00fal Ortega, resalt\u00f3 el reconocimiento y respeto que han demostrado los l\u00edderes (amigos&hellip; <\/p>\n","protected":false},"author":1,"featured_media":22240,"comment_status":"closed","ping_status":"closed","sticky":false,"template":"","format":"standard","meta":{"footnotes":""},"categories":[41],"tags":[],"class_list":["post-22239","post","type-post","status-publish","format-standard","has-post-thumbnail","hentry","category-pais"],"_links":{"self":[{"href":"https:\/\/ciudadtrujillo.com\/index.php?rest_route=\/wp\/v2\/posts\/22239","targetHints":{"allow":["GET"]}}],"collection":[{"href":"https:\/\/ciudadtrujillo.com\/index.php?rest_route=\/wp\/v2\/posts"}],"about":[{"href":"https:\/\/ciudadtrujillo.com\/index.php?rest_route=\/wp\/v2\/types\/post"}],"author":[{"embeddable":true,"href":"https:\/\/ciudadtrujillo.com\/index.php?rest_route=\/wp\/v2\/users\/1"}],"replies":[{"embeddable":true,"href":"https:\/\/ciudadtrujillo.com\/index.php?rest_route=%2Fwp%2Fv2%2Fcomments&post=22239"}],"version-history":[{"count":1,"href":"https:\/\/ciudadtrujillo.com\/index.php?rest_route=\/wp\/v2\/posts\/22239\/revisions"}],"predecessor-version":[{"id":22241,"href":"https:\/\/ciudadtrujillo.com\/index.php?rest_route=\/wp\/v2\/posts\/22239\/revisions\/22241"}],"wp:featuredmedia":[{"embeddable":true,"href":"https:\/\/ciudadtrujillo.com\/index.php?rest_route=\/wp\/v2\/media\/22240"}],"wp:attachment":[{"href":"https:\/\/ciudadtrujillo.com\/index.php?rest_route=%2Fwp%2Fv2%2Fmedia&parent=22239"}],"wp:term":[{"taxonomy":"category","embeddable":true,"href":"https:\/\/ciudadtrujillo.com\/index.php?rest_route=%2Fwp%2Fv2%2Fcategories&post=22239"},{"taxonomy":"post_tag","embeddable":true,"href":"https:\/\/ciudadtrujillo.com\/index.php?rest_route=%2Fwp%2Fv2%2Ftags&post=22239"}],"curies":[{"name":"wp","href":"https:\/\/api.w.org\/{rel}","templated":true}]}}