{"id":21935,"date":"2022-10-17T21:25:41","date_gmt":"2022-10-18T01:25:41","guid":{"rendered":"http:\/\/ciudadtrujillo.com\/?p=21935"},"modified":"2022-10-17T21:25:41","modified_gmt":"2022-10-18T01:25:41","slug":"emastru-aborda-con-plan-especial-de-bacheo-la-autopista-general-cruz-carrillo","status":"publish","type":"post","link":"https:\/\/ciudadtrujillo.com\/?p=21935","title":{"rendered":"Emastru aborda con Plan Especial de Bacheo la autopista General Cruz Carrillo"},"content":{"rendered":"<p style=\"text-align: justify;\">En d\u00edas recientes, el Gobierno Bolivariano de Trujillo, que lidera el My. Gerardo M\u00e1rquez, a trav\u00e9s de la Empresa de Asfalto de Trujillo (Emastru), comenz\u00f3 el Plan Especial de Bacheo en la autopista General Cruz Carrillo, mejor conocida como Eje Vial, en el sentido Valera-Trujillo.<\/p>\n<p style=\"text-align: justify;\">\n<p style=\"text-align: justify;\">El presidente de Emastru, Cap. Seijas Adri\u00e1n, explic\u00f3 que iniciaron los trabajos frente a Residencias San Diego, perteneciente al municipio San Rafael de Carvajal. \u201cEsta semana siguen los trabajos con bacheos y carpetas corridas en la autopista para corregir las fallas, gracias a los lineamientos de nuestro gobernador en su empe\u00f1o de recuperar la vialidad en el estado\u201d, dijo.<\/p>\n<p style=\"text-align: justify;\">\n<p style=\"text-align: justify;\">Detall\u00f3 que esta semana tambi\u00e9n se mantienen los trabajos en la Av. Bol\u00edvar de Valera, donde se coloca asfalto en bacheos, carpetas corridas, adem\u00e1s de la pintura de brocales e islas, entre otras actividades para la recuperaci\u00f3n de esta arteria vial.<\/p>\n<p>&nbsp;<\/p>\n<h5>Prensa Emastru\/Banesa Angulo Barreto\/Gr\u00e1fica: Cortes\u00eda<\/h5>\n","protected":false},"excerpt":{"rendered":"<p>En d\u00edas recientes, el Gobierno Bolivariano de Trujillo, que lidera el My. Gerardo M\u00e1rquez, a trav\u00e9s de la Empresa de Asfalto de Trujillo (Emastru), comenz\u00f3 el Plan Especial de Bacheo&hellip; <\/p>\n","protected":false},"author":1,"featured_media":21936,"comment_status":"closed","ping_status":"closed","sticky":false,"template":"","format":"standard","meta":{"footnotes":""},"categories":[40],"tags":[],"class_list":["post-21935","post","type-post","status-publish","format-standard","has-post-thumbnail","hentry","category-grantrujillo"],"_links":{"self":[{"href":"https:\/\/ciudadtrujillo.com\/index.php?rest_route=\/wp\/v2\/posts\/21935","targetHints":{"allow":["GET"]}}],"collection":[{"href":"https:\/\/ciudadtrujillo.com\/index.php?rest_route=\/wp\/v2\/posts"}],"about":[{"href":"https:\/\/ciudadtrujillo.com\/index.php?rest_route=\/wp\/v2\/types\/post"}],"author":[{"embeddable":true,"href":"https:\/\/ciudadtrujillo.com\/index.php?rest_route=\/wp\/v2\/users\/1"}],"replies":[{"embeddable":true,"href":"https:\/\/ciudadtrujillo.com\/index.php?rest_route=%2Fwp%2Fv2%2Fcomments&post=21935"}],"version-history":[{"count":1,"href":"https:\/\/ciudadtrujillo.com\/index.php?rest_route=\/wp\/v2\/posts\/21935\/revisions"}],"predecessor-version":[{"id":21937,"href":"https:\/\/ciudadtrujillo.com\/index.php?rest_route=\/wp\/v2\/posts\/21935\/revisions\/21937"}],"wp:featuredmedia":[{"embeddable":true,"href":"https:\/\/ciudadtrujillo.com\/index.php?rest_route=\/wp\/v2\/media\/21936"}],"wp:attachment":[{"href":"https:\/\/ciudadtrujillo.com\/index.php?rest_route=%2Fwp%2Fv2%2Fmedia&parent=21935"}],"wp:term":[{"taxonomy":"category","embeddable":true,"href":"https:\/\/ciudadtrujillo.com\/index.php?rest_route=%2Fwp%2Fv2%2Fcategories&post=21935"},{"taxonomy":"post_tag","embeddable":true,"href":"https:\/\/ciudadtrujillo.com\/index.php?rest_route=%2Fwp%2Fv2%2Ftags&post=21935"}],"curies":[{"name":"wp","href":"https:\/\/api.w.org\/{rel}","templated":true}]}}