{"id":21932,"date":"2022-10-17T21:23:27","date_gmt":"2022-10-18T01:23:27","guid":{"rendered":"http:\/\/ciudadtrujillo.com\/?p=21932"},"modified":"2022-10-17T21:23:27","modified_gmt":"2022-10-18T01:23:27","slug":"cpet-detiene-en-miranda-a-dos-sujetos-implicados-en-homicidio","status":"publish","type":"post","link":"https:\/\/ciudadtrujillo.com\/?p=21932","title":{"rendered":"Cpet detiene en Miranda a dos sujetos implicados en homicidio"},"content":{"rendered":"<p style=\"text-align: justify;\">Como parte acci\u00f3n efectiva de los funcionarios del Cuerpo de Polic\u00eda del estado Trujillo (Cpet) se logr\u00f3 la detenci\u00f3n de dos sujetos por el delito de homicidio, quienes causaron la muerte con arma blanca (machete) a un ciudadano de 19 a\u00f1os.<\/p>\n<p style=\"text-align: justify;\">El hecho ocurri\u00f3 en el Caser\u00edo del Cenizo de la parroquia El Cenizo, municipio Miranda. Los sujetos, ambos de apellido Lujano, quedaron a la orden de la Fiscal\u00eda del Ministerio P\u00fablico.<\/p>\n<p style=\"text-align: justify;\">Los funcionarios avanzan en las investigaciones para esclarecer el crimen.<\/p>\n<p>&nbsp;<\/p>\n<p>&nbsp;<\/p>\n<h5>Yelimar Hidalgo\/Gr\u00e1ficas: cortes\u00eda<\/h5>\n","protected":false},"excerpt":{"rendered":"<p>Como parte acci\u00f3n efectiva de los funcionarios del Cuerpo de Polic\u00eda del estado Trujillo (Cpet) se logr\u00f3 la detenci\u00f3n de dos sujetos por el delito de homicidio, quienes causaron la&hellip; <\/p>\n","protected":false},"author":1,"featured_media":21933,"comment_status":"closed","ping_status":"closed","sticky":false,"template":"","format":"standard","meta":{"footnotes":""},"categories":[40],"tags":[],"class_list":["post-21932","post","type-post","status-publish","format-standard","has-post-thumbnail","hentry","category-grantrujillo"],"_links":{"self":[{"href":"https:\/\/ciudadtrujillo.com\/index.php?rest_route=\/wp\/v2\/posts\/21932","targetHints":{"allow":["GET"]}}],"collection":[{"href":"https:\/\/ciudadtrujillo.com\/index.php?rest_route=\/wp\/v2\/posts"}],"about":[{"href":"https:\/\/ciudadtrujillo.com\/index.php?rest_route=\/wp\/v2\/types\/post"}],"author":[{"embeddable":true,"href":"https:\/\/ciudadtrujillo.com\/index.php?rest_route=\/wp\/v2\/users\/1"}],"replies":[{"embeddable":true,"href":"https:\/\/ciudadtrujillo.com\/index.php?rest_route=%2Fwp%2Fv2%2Fcomments&post=21932"}],"version-history":[{"count":1,"href":"https:\/\/ciudadtrujillo.com\/index.php?rest_route=\/wp\/v2\/posts\/21932\/revisions"}],"predecessor-version":[{"id":21934,"href":"https:\/\/ciudadtrujillo.com\/index.php?rest_route=\/wp\/v2\/posts\/21932\/revisions\/21934"}],"wp:featuredmedia":[{"embeddable":true,"href":"https:\/\/ciudadtrujillo.com\/index.php?rest_route=\/wp\/v2\/media\/21933"}],"wp:attachment":[{"href":"https:\/\/ciudadtrujillo.com\/index.php?rest_route=%2Fwp%2Fv2%2Fmedia&parent=21932"}],"wp:term":[{"taxonomy":"category","embeddable":true,"href":"https:\/\/ciudadtrujillo.com\/index.php?rest_route=%2Fwp%2Fv2%2Fcategories&post=21932"},{"taxonomy":"post_tag","embeddable":true,"href":"https:\/\/ciudadtrujillo.com\/index.php?rest_route=%2Fwp%2Fv2%2Ftags&post=21932"}],"curies":[{"name":"wp","href":"https:\/\/api.w.org\/{rel}","templated":true}]}}