{"id":21929,"date":"2022-10-17T21:21:27","date_gmt":"2022-10-18T01:21:27","guid":{"rendered":"http:\/\/ciudadtrujillo.com\/?p=21929"},"modified":"2022-10-17T21:21:27","modified_gmt":"2022-10-18T01:21:27","slug":"con-exito-se-realizo-el-proceso-de-inscripciones-de-postgrado-en-la-unesr-nucleo-valera","status":"publish","type":"post","link":"https:\/\/ciudadtrujillo.com\/?p=21929","title":{"rendered":"Con \u00e9xito se realiz\u00f3 el proceso de inscripciones de postgrado en la Unesr n\u00facleo Valera"},"content":{"rendered":"<p style=\"text-align: justify;\">El Decanato de Educaci\u00f3n Avanzada de la Universidad Nacional Experimental \u201cSim\u00f3n Rodr\u00edguez\u201d (Unesr) n\u00facleo Valera, informa que se realiz\u00f3 con total \u00e9xito el proceso de inscripci\u00f3n de m\u00e1s de 260 nuevos maestrantes y doctorantes en los programas ofertados para el cohorte 2022-2 en esta casa de estudios.<\/p>\n<p style=\"text-align: justify;\">La informaci\u00f3n la facilit\u00f3 el director de la Unesr n\u00facleo Valera, MSc. Jean Piero Osuna, quien afirm\u00f3 que fue un registro hist\u00f3rico, demostrando el potencial intelectual que posee el estado, adem\u00e1s resalt\u00f3 que se encuentran \u00e1vidos de formaci\u00f3n acad\u00e9mica y dejan claro su preferencia por los estudios de cuarto nivel que ofrece la instituci\u00f3n, la cual cuenta con una trayectoria de m\u00e1s de 47 a\u00f1os en la formaci\u00f3n de profesionales en la entidad.<\/p>\n<p style=\"text-align: justify;\">Los programas ofrecidos para la cohorte antes mencionado son Maestr\u00eda en Ciencias de la Educaci\u00f3n, Maestr\u00eda en Educaci\u00f3n Inicial, Maestr\u00eda en Ciencias Administrativas Menci\u00f3n Gerencia del talento humano, tambi\u00e9n se aperturaron los Doctorados en Ciencias de la Educaci\u00f3n y Doctorado en Ciencias Administrativas.<\/p>\n<p style=\"text-align: justify;\">Por su parte el subdirector de educaci\u00f3n avanzada, Dr. Reinald Paredes, mostr\u00f3 su alegr\u00eda por recibir este conglomerado de profesionales, garantiz\u00e1ndoles todos los procesos acad\u00e9micos y administrativos para la prosecuci\u00f3n adecuada en la instituci\u00f3n. Asimismo, invit\u00f3 a la colectividad trujillana a censarse para los pr\u00f3ximos programas del periodo 2023-1, el cual contar\u00e1 con la inclusi\u00f3n en la oferta de la Maestr\u00eda en Gerencia P\u00fablica, que ha sido muy demandada en el estado.<\/p>\n<p style=\"text-align: justify;\">\n<p>&nbsp;<\/p>\n<p>&nbsp;<\/p>\n<h5>Prensa Unesr\/Gr\u00e1fica: Cortes\u00eda<\/h5>\n","protected":false},"excerpt":{"rendered":"<p>El Decanato de Educaci\u00f3n Avanzada de la Universidad Nacional Experimental \u201cSim\u00f3n Rodr\u00edguez\u201d (Unesr) n\u00facleo Valera, informa que se realiz\u00f3 con total \u00e9xito el proceso de inscripci\u00f3n de m\u00e1s de 260&hellip; <\/p>\n","protected":false},"author":1,"featured_media":21930,"comment_status":"closed","ping_status":"closed","sticky":false,"template":"","format":"standard","meta":{"footnotes":""},"categories":[40],"tags":[],"class_list":["post-21929","post","type-post","status-publish","format-standard","has-post-thumbnail","hentry","category-grantrujillo"],"_links":{"self":[{"href":"https:\/\/ciudadtrujillo.com\/index.php?rest_route=\/wp\/v2\/posts\/21929","targetHints":{"allow":["GET"]}}],"collection":[{"href":"https:\/\/ciudadtrujillo.com\/index.php?rest_route=\/wp\/v2\/posts"}],"about":[{"href":"https:\/\/ciudadtrujillo.com\/index.php?rest_route=\/wp\/v2\/types\/post"}],"author":[{"embeddable":true,"href":"https:\/\/ciudadtrujillo.com\/index.php?rest_route=\/wp\/v2\/users\/1"}],"replies":[{"embeddable":true,"href":"https:\/\/ciudadtrujillo.com\/index.php?rest_route=%2Fwp%2Fv2%2Fcomments&post=21929"}],"version-history":[{"count":1,"href":"https:\/\/ciudadtrujillo.com\/index.php?rest_route=\/wp\/v2\/posts\/21929\/revisions"}],"predecessor-version":[{"id":21931,"href":"https:\/\/ciudadtrujillo.com\/index.php?rest_route=\/wp\/v2\/posts\/21929\/revisions\/21931"}],"wp:featuredmedia":[{"embeddable":true,"href":"https:\/\/ciudadtrujillo.com\/index.php?rest_route=\/wp\/v2\/media\/21930"}],"wp:attachment":[{"href":"https:\/\/ciudadtrujillo.com\/index.php?rest_route=%2Fwp%2Fv2%2Fmedia&parent=21929"}],"wp:term":[{"taxonomy":"category","embeddable":true,"href":"https:\/\/ciudadtrujillo.com\/index.php?rest_route=%2Fwp%2Fv2%2Fcategories&post=21929"},{"taxonomy":"post_tag","embeddable":true,"href":"https:\/\/ciudadtrujillo.com\/index.php?rest_route=%2Fwp%2Fv2%2Ftags&post=21929"}],"curies":[{"name":"wp","href":"https:\/\/api.w.org\/{rel}","templated":true}]}}