{"id":21494,"date":"2022-10-03T23:17:04","date_gmt":"2022-10-04T03:17:04","guid":{"rendered":"http:\/\/ciudadtrujillo.com\/?p=21494"},"modified":"2022-10-03T23:17:04","modified_gmt":"2022-10-04T03:17:04","slug":"encendido-de-luces-aviva-la-alegria-navidena-en-el-palacio-de-gobierno","status":"publish","type":"post","link":"https:\/\/ciudadtrujillo.com\/?p=21494","title":{"rendered":"Encendido de luces aviva la alegr\u00eda navide\u00f1a en el Palacio de Gobierno"},"content":{"rendered":"<p style=\"text-align: justify;\">Con alegr\u00eda, aplausos y villancicos del grupo coral infantil \u00abCantores de Luz\u00bb, los trabajadores de la Gobernaci\u00f3n de Trujillo realizaron este lunes el encendido de luces en el marco de las Navidades Felices 2022.<\/p>\n<p style=\"text-align: justify;\">\n<p style=\"text-align: justify;\">En medio del regocijo, el secretario de gobierno, G\/D Julio Y\u00e9pez Castro, destac\u00f3 los esfuerzos del l\u00edder regional, My. Gerardo M\u00e1rquez, para brindar espacios de encuentro en la \u00e9poca navide\u00f1a, \u201ctodas las instalaciones del gobierno regional y las municipales est\u00e1n dando la bienvenida a la Navidad (\u2026) el a\u00f1o 2023, lo ha anunciado el Presidente Nicol\u00e1s Maduro, ser\u00e1 de crecimiento y avances\u201d.<\/p>\n<p style=\"text-align: justify;\">\n<p style=\"text-align: justify;\">Resalt\u00f3 que durante la actividad se realiz\u00f3 la bendici\u00f3n pesebre por parte del el presb\u00edtero Gustavo Godoy, y se\u00f1al\u00f3 que esto es muestra de la identidad, cultura y religiosidad que caracteriza al pueblo trujillano.<\/p>\n<p style=\"text-align: justify;\">\n<p style=\"text-align: justify;\">Por su parte, la autoridad \u00fanica de Cultura en Trujillo, Edgar Barreto, expres\u00f3 que las costumbres y tradiciones prevalecen con las actividades por la Navidad, \u201cestamos contentos por las orientaciones que ha girado nuestro gobernador Gerardo M\u00e1rquez y el Presidente Nicol\u00e1s Maduro para dar ejemplo de alegr\u00eda al mundo\u201d.<\/p>\n<p style=\"text-align: justify;\">\n<p style=\"text-align: justify;\">Inst\u00f3 al pueblo trujillano a practicar la creatividad con la elaboraci\u00f3n de los pesebres en cada uno de los hogares.<\/p>\n<p style=\"text-align: justify;\">\n<p style=\"text-align: justify;\">Cabe destacar que tambi\u00e9n se realiz\u00f3 un recorrido por el Palacio de Gobierno donde se pudieron contemplar las luces y los adornos en cada direcci\u00f3n, reflejando as\u00ed la emoci\u00f3n que se vive por el inicio de las navidades.<\/p>\n<p>&nbsp;<\/p>\n<p>&nbsp;<\/p>\n<h5>Yarlenis Albarr\u00e1n\/Gr\u00e1ficas: Samuel Torres<\/h5>\n","protected":false},"excerpt":{"rendered":"<p>Con alegr\u00eda, aplausos y villancicos del grupo coral infantil \u00abCantores de Luz\u00bb, los trabajadores de la Gobernaci\u00f3n de Trujillo realizaron este lunes el encendido de luces en el marco de&hellip; <\/p>\n","protected":false},"author":1,"featured_media":21495,"comment_status":"closed","ping_status":"closed","sticky":false,"template":"","format":"standard","meta":{"footnotes":""},"categories":[40],"tags":[],"class_list":["post-21494","post","type-post","status-publish","format-standard","has-post-thumbnail","hentry","category-grantrujillo"],"_links":{"self":[{"href":"https:\/\/ciudadtrujillo.com\/index.php?rest_route=\/wp\/v2\/posts\/21494","targetHints":{"allow":["GET"]}}],"collection":[{"href":"https:\/\/ciudadtrujillo.com\/index.php?rest_route=\/wp\/v2\/posts"}],"about":[{"href":"https:\/\/ciudadtrujillo.com\/index.php?rest_route=\/wp\/v2\/types\/post"}],"author":[{"embeddable":true,"href":"https:\/\/ciudadtrujillo.com\/index.php?rest_route=\/wp\/v2\/users\/1"}],"replies":[{"embeddable":true,"href":"https:\/\/ciudadtrujillo.com\/index.php?rest_route=%2Fwp%2Fv2%2Fcomments&post=21494"}],"version-history":[{"count":1,"href":"https:\/\/ciudadtrujillo.com\/index.php?rest_route=\/wp\/v2\/posts\/21494\/revisions"}],"predecessor-version":[{"id":21496,"href":"https:\/\/ciudadtrujillo.com\/index.php?rest_route=\/wp\/v2\/posts\/21494\/revisions\/21496"}],"wp:featuredmedia":[{"embeddable":true,"href":"https:\/\/ciudadtrujillo.com\/index.php?rest_route=\/wp\/v2\/media\/21495"}],"wp:attachment":[{"href":"https:\/\/ciudadtrujillo.com\/index.php?rest_route=%2Fwp%2Fv2%2Fmedia&parent=21494"}],"wp:term":[{"taxonomy":"category","embeddable":true,"href":"https:\/\/ciudadtrujillo.com\/index.php?rest_route=%2Fwp%2Fv2%2Fcategories&post=21494"},{"taxonomy":"post_tag","embeddable":true,"href":"https:\/\/ciudadtrujillo.com\/index.php?rest_route=%2Fwp%2Fv2%2Ftags&post=21494"}],"curies":[{"name":"wp","href":"https:\/\/api.w.org\/{rel}","templated":true}]}}