{"id":21205,"date":"2022-09-22T20:57:38","date_gmt":"2022-09-23T00:57:38","guid":{"rendered":"http:\/\/ciudadtrujillo.com\/?p=21205"},"modified":"2022-09-22T20:57:38","modified_gmt":"2022-09-23T00:57:38","slug":"muestran-pruebas-de-la-destruccion-de-la-empresa-monomeros","status":"publish","type":"post","link":"https:\/\/ciudadtrujillo.com\/?p=21205","title":{"rendered":"Muestran pruebas de la destrucci\u00f3n de la empresa Mon\u00f3meros"},"content":{"rendered":"<p style=\"text-align: justify;\">El Vicepresidente de Econom\u00eda Tareck El Aissami, mostr\u00f3 este jueves pruebas del estado de destrucci\u00f3n en el que se encuentran las instalaciones de la empresa venezolana Mon\u00f3meros, en Barranquilla.<\/p>\n<p style=\"text-align: justify;\">A trav\u00e9s de una rueda de prensa reiter\u00f3 que el expresidente de Colombia Iv\u00e1n Duque, el pr\u00f3fugo de la justicia, Leopoldo L\u00f3pez y Juan Guaid\u00f3 son los responsables de la destrucci\u00f3n de la empresa.<\/p>\n<p style=\"text-align: justify;\">\u00abPresentamos ante el pa\u00eds y ante el mundo la denuncia de una trama de corrupci\u00f3n, destrucci\u00f3n y robo perpetrado por sectores de la derecha extremista venezolana, la empresa es hoy un cementerio de ruinas, devastada totalmente y con una capacidad de producci\u00f3n al 0%\u00bb, denunci\u00f3.<\/p>\n<p style=\"text-align: justify;\">Afirm\u00f3 que Mon\u00f3meros ocupaba el 1er lugar de atenci\u00f3n y suministro de fertilizantes al sector agroproductivo y era la principal empresa productora de alimentos en Colombia.<\/p>\n<p style=\"text-align: justify;\">Destac\u00f3 que la Superintendencia de Sociedades en Colombia decide en estricto apego al derecho y haciendo justicia, reconocer la directiva que propuso el Gobierno de Venezuela de Pequiven.<\/p>\n<p style=\"text-align: justify;\">De igual manera, anunci\u00f3 que el presidente, Nicol\u00e1s Maduro, design\u00f3 a Ninoska La Concha como nueva gerente de la empresa, quien, junto a un equipo de personal capacitado de Colombia se encargar\u00e1n de recuperar a la empresa.<\/p>\n<p style=\"text-align: justify;\">\u00abTambi\u00e9n anuncio que tenemos 23 \u00f3rdenes de captura y aprehensi\u00f3n directamente involucrados en la acci\u00f3n criminal de destruir la empresa\u00bb, dijo a la vez que anunci\u00f3 que la justicia venezolana solicitar\u00e1 \u00f3rdenes de captura internacional contra otro grupo de venezolanos.<\/p>\n<p style=\"text-align: justify;\">El Aissami, agradeci\u00f3 la labor que han desempe\u00f1ado los trabajadores de la empresa, \u00aba la planta trabajadora de la empresa les expresamos nuestra solidaridad y todo el apoyo para volver a convertir a Mon\u00f3meros en una de las empresas m\u00e1s poderosas de Colombia\u00bb.<\/p>\n<p style=\"text-align: justify;\">\n<p>&nbsp;<\/p>\n<h5>VTV\/Gr\u00e1ficas: Cortes\u00eda<\/h5>\n<p>&nbsp;<\/p>\n","protected":false},"excerpt":{"rendered":"<p>El Vicepresidente de Econom\u00eda Tareck El Aissami, mostr\u00f3 este jueves pruebas del estado de destrucci\u00f3n en el que se encuentran las instalaciones de la empresa venezolana Mon\u00f3meros, en Barranquilla. A&hellip; <\/p>\n","protected":false},"author":1,"featured_media":21206,"comment_status":"closed","ping_status":"closed","sticky":false,"template":"","format":"standard","meta":{"footnotes":""},"categories":[41],"tags":[],"class_list":["post-21205","post","type-post","status-publish","format-standard","has-post-thumbnail","hentry","category-pais"],"_links":{"self":[{"href":"https:\/\/ciudadtrujillo.com\/index.php?rest_route=\/wp\/v2\/posts\/21205","targetHints":{"allow":["GET"]}}],"collection":[{"href":"https:\/\/ciudadtrujillo.com\/index.php?rest_route=\/wp\/v2\/posts"}],"about":[{"href":"https:\/\/ciudadtrujillo.com\/index.php?rest_route=\/wp\/v2\/types\/post"}],"author":[{"embeddable":true,"href":"https:\/\/ciudadtrujillo.com\/index.php?rest_route=\/wp\/v2\/users\/1"}],"replies":[{"embeddable":true,"href":"https:\/\/ciudadtrujillo.com\/index.php?rest_route=%2Fwp%2Fv2%2Fcomments&post=21205"}],"version-history":[{"count":1,"href":"https:\/\/ciudadtrujillo.com\/index.php?rest_route=\/wp\/v2\/posts\/21205\/revisions"}],"predecessor-version":[{"id":21207,"href":"https:\/\/ciudadtrujillo.com\/index.php?rest_route=\/wp\/v2\/posts\/21205\/revisions\/21207"}],"wp:featuredmedia":[{"embeddable":true,"href":"https:\/\/ciudadtrujillo.com\/index.php?rest_route=\/wp\/v2\/media\/21206"}],"wp:attachment":[{"href":"https:\/\/ciudadtrujillo.com\/index.php?rest_route=%2Fwp%2Fv2%2Fmedia&parent=21205"}],"wp:term":[{"taxonomy":"category","embeddable":true,"href":"https:\/\/ciudadtrujillo.com\/index.php?rest_route=%2Fwp%2Fv2%2Fcategories&post=21205"},{"taxonomy":"post_tag","embeddable":true,"href":"https:\/\/ciudadtrujillo.com\/index.php?rest_route=%2Fwp%2Fv2%2Ftags&post=21205"}],"curies":[{"name":"wp","href":"https:\/\/api.w.org\/{rel}","templated":true}]}}