{"id":21202,"date":"2022-09-22T20:53:13","date_gmt":"2022-09-23T00:53:13","guid":{"rendered":"http:\/\/ciudadtrujillo.com\/?p=21202"},"modified":"2022-09-22T20:53:13","modified_gmt":"2022-09-23T00:53:13","slug":"lula-lidera-intencion-de-voto-en-brasil-segun-encuestas","status":"publish","type":"post","link":"https:\/\/ciudadtrujillo.com\/?p=21202","title":{"rendered":"Lula lidera intenci\u00f3n de voto en Brasil, seg\u00fan encuestas"},"content":{"rendered":"<p style=\"text-align: justify;\">Los \u00faltimos sondeos sobre la carrera presidencial en Brasil, siguen mostrando que el expresidente Luiz In\u00e1cio Lula da Silva lidera la intenci\u00f3n de voto con vistas a los pr\u00f3ximos comicios presidenciales, a celebrarse el pr\u00f3ximo 2 de octubre.<\/p>\n<p style=\"text-align: justify;\">Un reciente estudio del instituto de Inteligencia en Pesquisa y Consultor\u00eda Estrat\u00e9gica (Ipec) indic\u00f3 a inicios de esta semana que el candidato petista supera por 16 puntos al ultraderechista Jair Bolsonaro, actual presidente del pa\u00eds suramericano que apuesta por la reelecci\u00f3n.<\/p>\n<p style=\"text-align: justify;\">Por su parte, la \u00faltima encuesta publicada hasta el momento por el Instituto Datafolha de Brasil, precisa que Lula obtendr\u00eda el 45 por ciento de los votos, lo que se traduce en el 48 por ciento de los v\u00e1lidos, y habr\u00eda que ir a una segunda vuelta.<\/p>\n<p style=\"text-align: justify;\">Esta investigaci\u00f3n tambi\u00e9n ubica a Bolsonaro en 9 puntos por debajo de Lula, mientras el candidato Ciro Gomes del Partido Democr\u00e1tico Laborista (PDT) ocupa la tercera posici\u00f3n en la intenci\u00f3n de voto de los brasile\u00f1os, con alrededor del 8 por ciento.<\/p>\n<p style=\"text-align: justify;\">Seg\u00fan trascendi\u00f3 esta semana, varios intelectuales y pol\u00edticos de izquierda de la regi\u00f3n latinoamericana emitieron una carta abierta a Gomes, solicitando la renuncia a su candidatura en aras de facilitar la victoria de Lula en la primera vuelta de las elecciones.<\/p>\n<p style=\"text-align: justify;\">En el escenario electoral brasile\u00f1o preocupa la violencia pol\u00edtica, y el riesgo de ataques que pueden sufrir los partidarios de Lula por parte de los de Bolsonaro. El Tribunal Electoral de Brasil prohibi\u00f3 adem\u00e1s que los votantes porten armas desde 48 horas antes del d\u00eda de las elecciones.<\/p>\n<p style=\"text-align: justify;\">\n<p>&nbsp;<\/p>\n<h5>Telesur\/Gr\u00e1fica: Cortes\u00eda<\/h5>\n","protected":false},"excerpt":{"rendered":"<p>Los \u00faltimos sondeos sobre la carrera presidencial en Brasil, siguen mostrando que el expresidente Luiz In\u00e1cio Lula da Silva lidera la intenci\u00f3n de voto con vistas a los pr\u00f3ximos comicios&hellip; <\/p>\n","protected":false},"author":1,"featured_media":21203,"comment_status":"closed","ping_status":"closed","sticky":false,"template":"","format":"standard","meta":{"footnotes":""},"categories":[42],"tags":[],"class_list":["post-21202","post","type-post","status-publish","format-standard","has-post-thumbnail","hentry","category-mundo"],"_links":{"self":[{"href":"https:\/\/ciudadtrujillo.com\/index.php?rest_route=\/wp\/v2\/posts\/21202","targetHints":{"allow":["GET"]}}],"collection":[{"href":"https:\/\/ciudadtrujillo.com\/index.php?rest_route=\/wp\/v2\/posts"}],"about":[{"href":"https:\/\/ciudadtrujillo.com\/index.php?rest_route=\/wp\/v2\/types\/post"}],"author":[{"embeddable":true,"href":"https:\/\/ciudadtrujillo.com\/index.php?rest_route=\/wp\/v2\/users\/1"}],"replies":[{"embeddable":true,"href":"https:\/\/ciudadtrujillo.com\/index.php?rest_route=%2Fwp%2Fv2%2Fcomments&post=21202"}],"version-history":[{"count":1,"href":"https:\/\/ciudadtrujillo.com\/index.php?rest_route=\/wp\/v2\/posts\/21202\/revisions"}],"predecessor-version":[{"id":21204,"href":"https:\/\/ciudadtrujillo.com\/index.php?rest_route=\/wp\/v2\/posts\/21202\/revisions\/21204"}],"wp:featuredmedia":[{"embeddable":true,"href":"https:\/\/ciudadtrujillo.com\/index.php?rest_route=\/wp\/v2\/media\/21203"}],"wp:attachment":[{"href":"https:\/\/ciudadtrujillo.com\/index.php?rest_route=%2Fwp%2Fv2%2Fmedia&parent=21202"}],"wp:term":[{"taxonomy":"category","embeddable":true,"href":"https:\/\/ciudadtrujillo.com\/index.php?rest_route=%2Fwp%2Fv2%2Fcategories&post=21202"},{"taxonomy":"post_tag","embeddable":true,"href":"https:\/\/ciudadtrujillo.com\/index.php?rest_route=%2Fwp%2Fv2%2Ftags&post=21202"}],"curies":[{"name":"wp","href":"https:\/\/api.w.org\/{rel}","templated":true}]}}