{"id":21199,"date":"2022-09-22T20:51:06","date_gmt":"2022-09-23T00:51:06","guid":{"rendered":"http:\/\/ciudadtrujillo.com\/?p=21199"},"modified":"2022-09-22T20:51:06","modified_gmt":"2022-09-23T00:51:06","slug":"evo-morales-resalta-la-decadencia-de-ee-uu-en-latinoamerica","status":"publish","type":"post","link":"https:\/\/ciudadtrujillo.com\/?p=21199","title":{"rendered":"Evo Morales resalta la decadencia de EE. UU. en Latinoam\u00e9rica"},"content":{"rendered":"<p style=\"text-align: justify;\">\u201cCon el liderazgo de Gustavo Petro que surge en Colombia, pa\u00eds hermano que sufri\u00f3 las consecuencias de la fracasada y mal llamada guerra contra las drogas, se evidencia la decadencia de Estados Unidos (EE. UU.) en Am\u00e9rica Latina. Los vientos de libertad abren los cielos de la Patria Grande\u201d, manifest\u00f3 este jueves en su cuenta de Twitter Evo Morales.<\/p>\n<p style=\"text-align: justify;\">Las declaraciones fueron emitidas al referirse a la Asamblea General de las Naciones Unidas (ONU), donde Morales felicit\u00f3 a Petro por el discurso pronunciado en el septuag\u00e9simo s\u00e9ptimo per\u00edodo de sesiones de ese foro multilateral.<\/p>\n<p style=\"text-align: justify;\">Al respecto subray\u00f3 que contribuy\u00f3 a \u201creivindicar, defender y consolidar la dignidad y soberan\u00eda de la Patria Grande ante el intervencionismo armamentista de EE. UU.. Am\u00e9rica Latina vive un proceso de dignificaci\u00f3n y liberaci\u00f3n\u201d, concluy\u00f3 el primer exmandatario de Bolivia, refiere el portal Prensa Latina.<\/p>\n<p style=\"text-align: justify;\">Igual enfoque al de Petro caracteriz\u00f3 la intervenci\u00f3n del presidente de Bolivia, Luis Arce, quien ante la Asamblea General de la ONU calific\u00f3 de criminal el bloqueo econ\u00f3mico, comercial y financiero de Estados Unidos contra Cuba \u00abotra muestra clara de la aplicaci\u00f3n de medidas unilaterales es el inhumano y criminal bloqueo comercial y financiero contra Cuba, que pone en riesgo la vida de millones de ciudadanas y ciudadanos\u201d.<\/p>\n<p style=\"text-align: justify;\">Asegur\u00f3 Arce que es un crimen contra la humanidad mantener ese tipo de medidas e incluso incorporar a este pa\u00eds a la lista de patrocinadores del terrorismo pero al mismo tiempo, \u00abes un lamentable ejemplo que deber\u00eda hacer reflexionar acerca de c\u00f3mo la mayor\u00eda de las decisiones mayoritariamente tomadas cada a\u00f1o en esta Asamblea son incumplidas por determinados pa\u00edses\u201d.<\/p>\n<p style=\"text-align: justify;\">Arce consider\u00f3 inconcebible en un mundo golpeado por la crisis y la pandemia que a\u00fan se apliquen medidas coercitivas unilaterales con el objetivo de doblegar gobiernos a costa del hambre y el sufrimiento de sus pueblos \u201cuna muestra de la unilateralidad con la que act\u00faan algunos pa\u00edses es la incorporaci\u00f3n de Bolivia en una lista de los denominados principales pa\u00edses de tr\u00e1nsito de drogas o productores de drogas il\u00edcitas\u201d.<\/p>\n<p>&nbsp;<\/p>\n<p>&nbsp;<\/p>\n<h5>VTV\/Gr\u00e1fica: Cortes\u00eda<\/h5>\n","protected":false},"excerpt":{"rendered":"<p>\u201cCon el liderazgo de Gustavo Petro que surge en Colombia, pa\u00eds hermano que sufri\u00f3 las consecuencias de la fracasada y mal llamada guerra contra las drogas, se evidencia la decadencia&hellip; <\/p>\n","protected":false},"author":1,"featured_media":21200,"comment_status":"closed","ping_status":"closed","sticky":false,"template":"","format":"standard","meta":{"footnotes":""},"categories":[42],"tags":[],"class_list":["post-21199","post","type-post","status-publish","format-standard","has-post-thumbnail","hentry","category-mundo"],"_links":{"self":[{"href":"https:\/\/ciudadtrujillo.com\/index.php?rest_route=\/wp\/v2\/posts\/21199","targetHints":{"allow":["GET"]}}],"collection":[{"href":"https:\/\/ciudadtrujillo.com\/index.php?rest_route=\/wp\/v2\/posts"}],"about":[{"href":"https:\/\/ciudadtrujillo.com\/index.php?rest_route=\/wp\/v2\/types\/post"}],"author":[{"embeddable":true,"href":"https:\/\/ciudadtrujillo.com\/index.php?rest_route=\/wp\/v2\/users\/1"}],"replies":[{"embeddable":true,"href":"https:\/\/ciudadtrujillo.com\/index.php?rest_route=%2Fwp%2Fv2%2Fcomments&post=21199"}],"version-history":[{"count":1,"href":"https:\/\/ciudadtrujillo.com\/index.php?rest_route=\/wp\/v2\/posts\/21199\/revisions"}],"predecessor-version":[{"id":21201,"href":"https:\/\/ciudadtrujillo.com\/index.php?rest_route=\/wp\/v2\/posts\/21199\/revisions\/21201"}],"wp:featuredmedia":[{"embeddable":true,"href":"https:\/\/ciudadtrujillo.com\/index.php?rest_route=\/wp\/v2\/media\/21200"}],"wp:attachment":[{"href":"https:\/\/ciudadtrujillo.com\/index.php?rest_route=%2Fwp%2Fv2%2Fmedia&parent=21199"}],"wp:term":[{"taxonomy":"category","embeddable":true,"href":"https:\/\/ciudadtrujillo.com\/index.php?rest_route=%2Fwp%2Fv2%2Fcategories&post=21199"},{"taxonomy":"post_tag","embeddable":true,"href":"https:\/\/ciudadtrujillo.com\/index.php?rest_route=%2Fwp%2Fv2%2Ftags&post=21199"}],"curies":[{"name":"wp","href":"https:\/\/api.w.org\/{rel}","templated":true}]}}