{"id":21196,"date":"2022-09-22T20:49:10","date_gmt":"2022-09-23T00:49:10","guid":{"rendered":"http:\/\/ciudadtrujillo.com\/?p=21196"},"modified":"2022-09-22T20:49:10","modified_gmt":"2022-09-23T00:49:10","slug":"alexander-castaneira-lidera-la-vuelta-a-la-juventud-tras-ganar-la-primera-etapa","status":"publish","type":"post","link":"https:\/\/ciudadtrujillo.com\/?p=21196","title":{"rendered":"Alexander Castaneira lidera la Vuelta a la Juventud tras ganar la primera etapa"},"content":{"rendered":"<p style=\"text-align: justify;\">El joven ciclista Alexander Castaneira, figura de la escuder\u00eda Venezuela Pa\u00eds de Futuro, lidera la Vuelta a la Juventud tras ganar la primera etapa, en el circuito metropolitano entre T\u00e1riba y San Crist\u00f3bal en el que imper\u00f3 la lluvia y el talento del nativo de Qu\u00edbor, rese\u00f1aron medios deportivos.<\/p>\n<p style=\"text-align: justify;\">La etapa que parti\u00f3 desde la alcald\u00eda de San Crist\u00f3bal con el banderazo a cuadros del propio alcalde Silfredo Zambrano, comenz\u00f3 con un clima muy soleado, que con el pasar de los minutos cambi\u00f3 radicalmente y se convirti\u00f3 en un torrencial aguacero, lo que hizo que la carrera se viviera con mucho nerviosismo.<\/p>\n<p style=\"text-align: justify;\">En las primeras de cambio de los 103 kil\u00f3metros dispuestos para la jornada, muchas fueron las acciones, sobre todo por la gente de Venezuela Pa\u00eds de Futuro, Loter\u00eda y Somos Carchi de Ecuador, quienes intentaron con sus mejores hombres ponerse al frente.<\/p>\n<p style=\"text-align: justify;\">Conforme avanz\u00f3 la carrera se consolid\u00f3 una fuga muy interesante en la que viajaban pedalistas de la talla del larense Jes\u00fas Goyo y el tachirense Arlex M\u00e9ndez, primero y segundo del campeonato nacional respectivamente.<\/p>\n<p style=\"text-align: justify;\">Sin embargo, la partida de otros hombres importantes a luchar por la general, produjo que el lote volviera a compactarse y la competencia se perfila para un embalaje masivo.<\/p>\n<p style=\"text-align: justify;\">Pero no sucedi\u00f3 as\u00ed, Castaneira se impuso luego de salir del pelot\u00f3n para cantar victoria y ponerse la camiseta de l\u00edder. Segundo en el arribo fue el Leomar Dur\u00e1n de la Selecci\u00f3n de Yaracuy, mientras que en el tercer puesto se ubic\u00f3 el tachirense Efra\u00edn Rodr\u00edguez de Loter\u00eda del T\u00e1chira-9VIT-City Bikes.<\/p>\n<p>&nbsp;<\/p>\n<p>&nbsp;<\/p>\n<h5>VTV\/Gr\u00e1fica: Cortes\u00eda<\/h5>\n","protected":false},"excerpt":{"rendered":"<p>El joven ciclista Alexander Castaneira, figura de la escuder\u00eda Venezuela Pa\u00eds de Futuro, lidera la Vuelta a la Juventud tras ganar la primera etapa, en el circuito metropolitano entre T\u00e1riba&hellip; <\/p>\n","protected":false},"author":1,"featured_media":21197,"comment_status":"closed","ping_status":"closed","sticky":false,"template":"","format":"standard","meta":{"footnotes":""},"categories":[44],"tags":[],"class_list":["post-21196","post","type-post","status-publish","format-standard","has-post-thumbnail","hentry","category-deportes"],"_links":{"self":[{"href":"https:\/\/ciudadtrujillo.com\/index.php?rest_route=\/wp\/v2\/posts\/21196","targetHints":{"allow":["GET"]}}],"collection":[{"href":"https:\/\/ciudadtrujillo.com\/index.php?rest_route=\/wp\/v2\/posts"}],"about":[{"href":"https:\/\/ciudadtrujillo.com\/index.php?rest_route=\/wp\/v2\/types\/post"}],"author":[{"embeddable":true,"href":"https:\/\/ciudadtrujillo.com\/index.php?rest_route=\/wp\/v2\/users\/1"}],"replies":[{"embeddable":true,"href":"https:\/\/ciudadtrujillo.com\/index.php?rest_route=%2Fwp%2Fv2%2Fcomments&post=21196"}],"version-history":[{"count":1,"href":"https:\/\/ciudadtrujillo.com\/index.php?rest_route=\/wp\/v2\/posts\/21196\/revisions"}],"predecessor-version":[{"id":21198,"href":"https:\/\/ciudadtrujillo.com\/index.php?rest_route=\/wp\/v2\/posts\/21196\/revisions\/21198"}],"wp:featuredmedia":[{"embeddable":true,"href":"https:\/\/ciudadtrujillo.com\/index.php?rest_route=\/wp\/v2\/media\/21197"}],"wp:attachment":[{"href":"https:\/\/ciudadtrujillo.com\/index.php?rest_route=%2Fwp%2Fv2%2Fmedia&parent=21196"}],"wp:term":[{"taxonomy":"category","embeddable":true,"href":"https:\/\/ciudadtrujillo.com\/index.php?rest_route=%2Fwp%2Fv2%2Fcategories&post=21196"},{"taxonomy":"post_tag","embeddable":true,"href":"https:\/\/ciudadtrujillo.com\/index.php?rest_route=%2Fwp%2Fv2%2Ftags&post=21196"}],"curies":[{"name":"wp","href":"https:\/\/api.w.org\/{rel}","templated":true}]}}