{"id":21105,"date":"2022-09-20T21:38:19","date_gmt":"2022-09-21T01:38:19","guid":{"rendered":"http:\/\/ciudadtrujillo.com\/?p=21105"},"modified":"2022-09-20T21:38:19","modified_gmt":"2022-09-21T01:38:19","slug":"stifano-no-seguira-al-mando-del-caracas-fc","status":"publish","type":"post","link":"https:\/\/ciudadtrujillo.com\/?p=21105","title":{"rendered":"Stifano no seguir\u00e1 al mando del Caracas FC"},"content":{"rendered":"<p style=\"text-align: justify;\">Caracas FC cambiar\u00e1 de Timotel, anunci\u00f3 la junta directiva del equipo quien a trav\u00e9s de un comunicado explic\u00f3 que el t\u00e9cnico Francesco Stifano no seguir\u00e1 en el banquillo avile\u00f1o.<\/p>\n<p style=\"text-align: justify;\">\u00abSe anuncia la finalizaci\u00f3n del contrato por mutuo acuerdo del director t\u00e9cnico Francesco Stifano\u00bb, dice el comunicado.<\/p>\n<p style=\"text-align: justify;\">Desde hace varios d\u00edas circulaba en redes sociales el retiro del estratega pero, no fue hasta que el club aclar\u00f3 la situaci\u00f3n del elenco de la capital, refiere el portal L\u00edder.<\/p>\n<p style=\"text-align: justify;\">Stifano se retira tras haber dirigido al menos en 36 encuentros, dejando un saldo de nueve victorias, 15 empates y 12 derrotas.<\/p>\n<p style=\"text-align: justify;\">Por los momentos se desconoce qui\u00e9n ser\u00e1 la pr\u00f3xima figura que est\u00e9 a cargo del cuadro rojo, se estima que en las siguientes horas se comunique quien estar\u00e1 a cargo del banquillo.<\/p>\n<p style=\"text-align: justify;\">Con el rendimiento del equipo para la presente campa\u00f1a en la fase regular, Caracas no alcanz\u00f3 a clasificar hacia Copa Libertadores, ahora se ubica de \u00faltimos en la fase final B con la intenci\u00f3n de aunque sea ocupar una de las dos plazas hacia Suramericana 2023.<\/p>\n<p>&nbsp;<\/p>\n<p>&nbsp;<\/p>\n<h5>VTV\/Gr\u00e1fica: Cortes\u00eda<\/h5>\n","protected":false},"excerpt":{"rendered":"<p>Caracas FC cambiar\u00e1 de Timotel, anunci\u00f3 la junta directiva del equipo quien a trav\u00e9s de un comunicado explic\u00f3 que el t\u00e9cnico Francesco Stifano no seguir\u00e1 en el banquillo avile\u00f1o. \u00abSe&hellip; <\/p>\n","protected":false},"author":1,"featured_media":21106,"comment_status":"closed","ping_status":"closed","sticky":false,"template":"","format":"standard","meta":{"footnotes":""},"categories":[44],"tags":[],"class_list":["post-21105","post","type-post","status-publish","format-standard","has-post-thumbnail","hentry","category-deportes"],"_links":{"self":[{"href":"https:\/\/ciudadtrujillo.com\/index.php?rest_route=\/wp\/v2\/posts\/21105","targetHints":{"allow":["GET"]}}],"collection":[{"href":"https:\/\/ciudadtrujillo.com\/index.php?rest_route=\/wp\/v2\/posts"}],"about":[{"href":"https:\/\/ciudadtrujillo.com\/index.php?rest_route=\/wp\/v2\/types\/post"}],"author":[{"embeddable":true,"href":"https:\/\/ciudadtrujillo.com\/index.php?rest_route=\/wp\/v2\/users\/1"}],"replies":[{"embeddable":true,"href":"https:\/\/ciudadtrujillo.com\/index.php?rest_route=%2Fwp%2Fv2%2Fcomments&post=21105"}],"version-history":[{"count":1,"href":"https:\/\/ciudadtrujillo.com\/index.php?rest_route=\/wp\/v2\/posts\/21105\/revisions"}],"predecessor-version":[{"id":21107,"href":"https:\/\/ciudadtrujillo.com\/index.php?rest_route=\/wp\/v2\/posts\/21105\/revisions\/21107"}],"wp:featuredmedia":[{"embeddable":true,"href":"https:\/\/ciudadtrujillo.com\/index.php?rest_route=\/wp\/v2\/media\/21106"}],"wp:attachment":[{"href":"https:\/\/ciudadtrujillo.com\/index.php?rest_route=%2Fwp%2Fv2%2Fmedia&parent=21105"}],"wp:term":[{"taxonomy":"category","embeddable":true,"href":"https:\/\/ciudadtrujillo.com\/index.php?rest_route=%2Fwp%2Fv2%2Fcategories&post=21105"},{"taxonomy":"post_tag","embeddable":true,"href":"https:\/\/ciudadtrujillo.com\/index.php?rest_route=%2Fwp%2Fv2%2Ftags&post=21105"}],"curies":[{"name":"wp","href":"https:\/\/api.w.org\/{rel}","templated":true}]}}