{"id":20908,"date":"2022-09-14T21:49:46","date_gmt":"2022-09-15T01:49:46","guid":{"rendered":"http:\/\/ciudadtrujillo.com\/?p=20908"},"modified":"2022-09-14T21:49:46","modified_gmt":"2022-09-15T01:49:46","slug":"ministro-padrino-lopez-reitera-su-apoyo-a-esfuerzos-para-la-construccion-de-paz-en-colombia","status":"publish","type":"post","link":"https:\/\/ciudadtrujillo.com\/?p=20908","title":{"rendered":"Ministro Padrino L\u00f3pez reitera su apoyo a esfuerzos para la construcci\u00f3n de paz en Colombia"},"content":{"rendered":"<p style=\"text-align: justify;\">El vicepresidente sectorial de Soberan\u00eda Pol\u00edtica, Seguridad y Paz, G\/J Vladimir Padrino L\u00f3pez, ratific\u00f3 su apoyo a que Venezuela sea el pa\u00eds garante de negociaci\u00f3n y acuerdos de paz de Colombia.<\/p>\n<p>\u00abSin paz no habr\u00e1 desarrollo, sin desarrollo no habr\u00e1 futuro, sin futuro no habr\u00e1 vida. Aplaudo los esfuerzos para la construcci\u00f3n de la paz en Colombia y acompa\u00f1amos como pueblo al presidente Nicol\u00e1s Maduro en su car\u00e1cter de garante. Venezuela ama la paz. \u00a1Ella es nuestra victoria!\u00bb, escribi\u00f3 en su cuenta en la red social Twitter.<\/p>\n<p>El mensaje hace referencia al anuncio del presidente de la Rep\u00fablica, Nicol\u00e1s Maduro, de aceptar ser mediador entre las negociaciones del Gobierno colombiano de Gustavo Petro con el grupo guerrillero Ej\u00e9rcito de Liberaci\u00f3n Nacional (ELN), rese\u00f1a una nota del portal AVN.<\/p>\n<p>El Gobierno colombiano solicit\u00f3 al jefe de Estado la reactivaci\u00f3n como pa\u00eds garante para lograr el acuerdo de paz en su naci\u00f3n.<\/p>\n<p>&nbsp;<\/p>\n<p>&nbsp;<\/p>\n<h5>VTV\/Gr\u00e1ficas: Cortes\u00eda<\/h5>\n","protected":false},"excerpt":{"rendered":"<p>El vicepresidente sectorial de Soberan\u00eda Pol\u00edtica, Seguridad y Paz, G\/J Vladimir Padrino L\u00f3pez, ratific\u00f3 su apoyo a que Venezuela sea el pa\u00eds garante de negociaci\u00f3n y acuerdos de paz de&hellip; <\/p>\n","protected":false},"author":1,"featured_media":20909,"comment_status":"closed","ping_status":"closed","sticky":false,"template":"","format":"standard","meta":{"footnotes":""},"categories":[41],"tags":[],"class_list":["post-20908","post","type-post","status-publish","format-standard","has-post-thumbnail","hentry","category-pais"],"_links":{"self":[{"href":"https:\/\/ciudadtrujillo.com\/index.php?rest_route=\/wp\/v2\/posts\/20908","targetHints":{"allow":["GET"]}}],"collection":[{"href":"https:\/\/ciudadtrujillo.com\/index.php?rest_route=\/wp\/v2\/posts"}],"about":[{"href":"https:\/\/ciudadtrujillo.com\/index.php?rest_route=\/wp\/v2\/types\/post"}],"author":[{"embeddable":true,"href":"https:\/\/ciudadtrujillo.com\/index.php?rest_route=\/wp\/v2\/users\/1"}],"replies":[{"embeddable":true,"href":"https:\/\/ciudadtrujillo.com\/index.php?rest_route=%2Fwp%2Fv2%2Fcomments&post=20908"}],"version-history":[{"count":1,"href":"https:\/\/ciudadtrujillo.com\/index.php?rest_route=\/wp\/v2\/posts\/20908\/revisions"}],"predecessor-version":[{"id":20910,"href":"https:\/\/ciudadtrujillo.com\/index.php?rest_route=\/wp\/v2\/posts\/20908\/revisions\/20910"}],"wp:featuredmedia":[{"embeddable":true,"href":"https:\/\/ciudadtrujillo.com\/index.php?rest_route=\/wp\/v2\/media\/20909"}],"wp:attachment":[{"href":"https:\/\/ciudadtrujillo.com\/index.php?rest_route=%2Fwp%2Fv2%2Fmedia&parent=20908"}],"wp:term":[{"taxonomy":"category","embeddable":true,"href":"https:\/\/ciudadtrujillo.com\/index.php?rest_route=%2Fwp%2Fv2%2Fcategories&post=20908"},{"taxonomy":"post_tag","embeddable":true,"href":"https:\/\/ciudadtrujillo.com\/index.php?rest_route=%2Fwp%2Fv2%2Ftags&post=20908"}],"curies":[{"name":"wp","href":"https:\/\/api.w.org\/{rel}","templated":true}]}}