{"id":20905,"date":"2022-09-14T21:48:13","date_gmt":"2022-09-15T01:48:13","guid":{"rendered":"http:\/\/ciudadtrujillo.com\/?p=20905"},"modified":"2022-09-14T21:48:13","modified_gmt":"2022-09-15T01:48:13","slug":"federaciones-deportivas-afinan-detalles-de-cara-a-juegos-centroamericanos","status":"publish","type":"post","link":"https:\/\/ciudadtrujillo.com\/?p=20905","title":{"rendered":"Federaciones deportivas afinan detalles de cara a Juegos Centroamericanos"},"content":{"rendered":"<p style=\"text-align: justify;\">La jefa de misi\u00f3n de Venezuela para los I Juegos Centroamericanos del Caribe de Mar y Playa, Alejandra Ben\u00edtez, sostuvo un encuentro desde los espacios del auditorio del Comit\u00e9 Ol\u00edmpico Venezolano (COV) con las federaciones deportivas que representar\u00e1n el tricolor venezolano en esta cita deportiva. La informaci\u00f3n la dio a conocer el COV a trav\u00e9s de la red social Twitter.<\/p>\n<p style=\"text-align: justify;\">\u00abRealizamos esta reuni\u00f3n, primero, para conocernos e iniciar este proceso de organizaci\u00f3n junto con las delegaciones deportivas\u00bb, explic\u00f3 Ben\u00edtez.<\/p>\n<p style=\"text-align: justify;\">En este sentido, la jefa de misi\u00f3n precis\u00f3 que durante el encuentro se establecieron los par\u00e1metros para escoger a la mejor delegaci\u00f3n deportiva para el evento, y se llev\u00f3 a cabo una presentaci\u00f3n t\u00e9cnica de los elementos comunicacionales que Venezuela utilizar\u00e1 durante los Juegos.<\/p>\n<p style=\"text-align: justify;\">Ben\u00edtez inform\u00f3 que uno de los detalles a ultimar para el evento deportivo es completar el qu\u00f3rum requerido para que la delegaci\u00f3n venezolana de ultimate \u2014un deporte de equipo que se juega con un disco volador\u2014 asista a los Juegos Centroamericanos.<\/p>\n<p style=\"text-align: justify;\">\u00abYa estamos casi listos para los Juegos Centroamericanos. Esperamos avanzar r\u00e1pidamente y dar el mayor apoyo a las 12 disciplinas que representar\u00e1n a Venezuela en el evento\u00bb, manifest\u00f3.<\/p>\n<p style=\"text-align: justify;\">\n<p>&nbsp;<\/p>\n<h5>VTV\/Gr\u00e1ficas: Cortes\u00eda<\/h5>\n","protected":false},"excerpt":{"rendered":"<p>La jefa de misi\u00f3n de Venezuela para los I Juegos Centroamericanos del Caribe de Mar y Playa, Alejandra Ben\u00edtez, sostuvo un encuentro desde los espacios del auditorio del Comit\u00e9 Ol\u00edmpico&hellip; <\/p>\n","protected":false},"author":1,"featured_media":20906,"comment_status":"closed","ping_status":"closed","sticky":false,"template":"","format":"standard","meta":{"footnotes":""},"categories":[44],"tags":[],"class_list":["post-20905","post","type-post","status-publish","format-standard","has-post-thumbnail","hentry","category-deportes"],"_links":{"self":[{"href":"https:\/\/ciudadtrujillo.com\/index.php?rest_route=\/wp\/v2\/posts\/20905","targetHints":{"allow":["GET"]}}],"collection":[{"href":"https:\/\/ciudadtrujillo.com\/index.php?rest_route=\/wp\/v2\/posts"}],"about":[{"href":"https:\/\/ciudadtrujillo.com\/index.php?rest_route=\/wp\/v2\/types\/post"}],"author":[{"embeddable":true,"href":"https:\/\/ciudadtrujillo.com\/index.php?rest_route=\/wp\/v2\/users\/1"}],"replies":[{"embeddable":true,"href":"https:\/\/ciudadtrujillo.com\/index.php?rest_route=%2Fwp%2Fv2%2Fcomments&post=20905"}],"version-history":[{"count":1,"href":"https:\/\/ciudadtrujillo.com\/index.php?rest_route=\/wp\/v2\/posts\/20905\/revisions"}],"predecessor-version":[{"id":20907,"href":"https:\/\/ciudadtrujillo.com\/index.php?rest_route=\/wp\/v2\/posts\/20905\/revisions\/20907"}],"wp:featuredmedia":[{"embeddable":true,"href":"https:\/\/ciudadtrujillo.com\/index.php?rest_route=\/wp\/v2\/media\/20906"}],"wp:attachment":[{"href":"https:\/\/ciudadtrujillo.com\/index.php?rest_route=%2Fwp%2Fv2%2Fmedia&parent=20905"}],"wp:term":[{"taxonomy":"category","embeddable":true,"href":"https:\/\/ciudadtrujillo.com\/index.php?rest_route=%2Fwp%2Fv2%2Fcategories&post=20905"},{"taxonomy":"post_tag","embeddable":true,"href":"https:\/\/ciudadtrujillo.com\/index.php?rest_route=%2Fwp%2Fv2%2Ftags&post=20905"}],"curies":[{"name":"wp","href":"https:\/\/api.w.org\/{rel}","templated":true}]}}