{"id":20866,"date":"2022-09-13T20:00:13","date_gmt":"2022-09-14T00:00:13","guid":{"rendered":"http:\/\/ciudadtrujillo.com\/?p=20866"},"modified":"2022-09-13T20:00:13","modified_gmt":"2022-09-14T00:00:13","slug":"con-mas-de-2-mil-232-tn-de-asfalto-gobierno-regional-avanza-en-rehabilitacion-vial-en-valera","status":"publish","type":"post","link":"https:\/\/ciudadtrujillo.com\/?p=20866","title":{"rendered":"Con m\u00e1s de 2 mil 232 TN de asfalto gobierno regional avanza en rehabilitaci\u00f3n vial en Valera"},"content":{"rendered":"<p style=\"text-align: justify;\">El gobierno regional liderado por el My. Gerardo M\u00e1rquez, a trav\u00e9s de la Empresa de Asfalto de Trujillo (Emastru), mantiene las labores en el municipio Valera, por lo que hasta la fecha se han colocado aproximadamente 2 mil 232 TN de asfalto, adem\u00e1s de la demarcaci\u00f3n de islas, en la cual se ha logrado avanzar con 6 mil 189 metros lineales y 3 mil 031 metros lineales de brocales, con el prop\u00f3sito de favorecer a los habitantes de San Luis, Las Pulgas, Plata II, La Marchantica y la Plaza Las Banderas (redoma).<\/p>\n<p style=\"text-align: justify;\">Es importante mencionar que el talento humano de Emastru se ha desplegado en la Av. Bol\u00edvar, espec\u00edficamente en el sector El Country, asimismo se realiz\u00f3 la demarcaci\u00f3n de mil 019 metros lineales desde la avenida Santa B\u00e1rbara hasta la intersecci\u00f3n de Plata II.<\/p>\n<p style=\"text-align: justify;\">Cabe destacar que estas actividades de recuperaci\u00f3n vial se desarrollan bajo las orientaciones del mandatario regional, las cuales se ejecutan en diferentes frentes de trabajo que mantiene esta empresa, abarcando el asfaltado, bacheo, pintura, entre otros.<\/p>\n<p>&nbsp;<\/p>\n<p>&nbsp;<\/p>\n<h5>Rossiel Hurtado\/Gr\u00e1ficas: Fernando Chuecos<\/h5>\n","protected":false},"excerpt":{"rendered":"<p>El gobierno regional liderado por el My. Gerardo M\u00e1rquez, a trav\u00e9s de la Empresa de Asfalto de Trujillo (Emastru), mantiene las labores en el municipio Valera, por lo que hasta&hellip; <\/p>\n","protected":false},"author":1,"featured_media":20867,"comment_status":"closed","ping_status":"closed","sticky":false,"template":"","format":"standard","meta":{"footnotes":""},"categories":[52,40],"tags":[],"class_list":["post-20866","post","type-post","status-publish","format-standard","has-post-thumbnail","hentry","category-destacadas","category-grantrujillo"],"_links":{"self":[{"href":"https:\/\/ciudadtrujillo.com\/index.php?rest_route=\/wp\/v2\/posts\/20866","targetHints":{"allow":["GET"]}}],"collection":[{"href":"https:\/\/ciudadtrujillo.com\/index.php?rest_route=\/wp\/v2\/posts"}],"about":[{"href":"https:\/\/ciudadtrujillo.com\/index.php?rest_route=\/wp\/v2\/types\/post"}],"author":[{"embeddable":true,"href":"https:\/\/ciudadtrujillo.com\/index.php?rest_route=\/wp\/v2\/users\/1"}],"replies":[{"embeddable":true,"href":"https:\/\/ciudadtrujillo.com\/index.php?rest_route=%2Fwp%2Fv2%2Fcomments&post=20866"}],"version-history":[{"count":2,"href":"https:\/\/ciudadtrujillo.com\/index.php?rest_route=\/wp\/v2\/posts\/20866\/revisions"}],"predecessor-version":[{"id":20869,"href":"https:\/\/ciudadtrujillo.com\/index.php?rest_route=\/wp\/v2\/posts\/20866\/revisions\/20869"}],"wp:featuredmedia":[{"embeddable":true,"href":"https:\/\/ciudadtrujillo.com\/index.php?rest_route=\/wp\/v2\/media\/20867"}],"wp:attachment":[{"href":"https:\/\/ciudadtrujillo.com\/index.php?rest_route=%2Fwp%2Fv2%2Fmedia&parent=20866"}],"wp:term":[{"taxonomy":"category","embeddable":true,"href":"https:\/\/ciudadtrujillo.com\/index.php?rest_route=%2Fwp%2Fv2%2Fcategories&post=20866"},{"taxonomy":"post_tag","embeddable":true,"href":"https:\/\/ciudadtrujillo.com\/index.php?rest_route=%2Fwp%2Fv2%2Ftags&post=20866"}],"curies":[{"name":"wp","href":"https:\/\/api.w.org\/{rel}","templated":true}]}}