{"id":20860,"date":"2022-09-13T19:50:24","date_gmt":"2022-09-13T23:50:24","guid":{"rendered":"http:\/\/ciudadtrujillo.com\/?p=20860"},"modified":"2022-09-13T19:50:24","modified_gmt":"2022-09-13T23:50:24","slug":"i-valida-nacional-de-esgrima-conto-con-la-participacion-de-400-atletas","status":"publish","type":"post","link":"https:\/\/ciudadtrujillo.com\/?p=20860","title":{"rendered":"I V\u00e1lida Nacional de Esgrima cont\u00f3 con la participaci\u00f3n de 400 atletas"},"content":{"rendered":"<p style=\"text-align: justify;\">La Sala de Armas del Complejo Bicentenario \u201cSim\u00f3n Bol\u00edvar\u201d de Naguanagua se visti\u00f3 de gala para recibir la I V\u00e1lida Nacional de Esgrima categor\u00eda Cadete, Juvenil y M\u00e1ster, cita deportiva que alberg\u00f3 m\u00e1s de 400 atletas de todo el territorio nacional.<br \/>\nEn la cita deportiva Carabobo lider\u00f3 la tabla general clasificatoria, luego de tres arduas jornadas donde se pudo observar el enorme talento que posee el pa\u00eds y sus esgrimistas para futuras competencias regionales e internacionales.<\/p>\n<p style=\"text-align: justify;\">El segundo pelda\u00f1o de la cita deportiva lo ocup\u00f3 el estado Yaracuy, mientras que Lara se posicion\u00f3 en el tercer lugar, y Miranda se ubic\u00f3 en el cuarto puesto, refiere una nota de prensa de la Gobernaci\u00f3n de Carabobo.<\/p>\n<p style=\"text-align: justify;\">La informaci\u00f3n la dio a conocer el presidente de la Asociaci\u00f3n de Esgrima del estado Carabobo, Carlos Gonz\u00e1lez, quien agradeci\u00f3 al gobernador del estado Carabobo, Rafael Lacava, a la Fundaci\u00f3n Carabobe\u00f1a para el Desarrollo del Deporte, Fundadeporte, y a su presidente Jhonny Del Corral, por el apoyo permanente en el desarrollo de las competencias.<\/p>\n<p style=\"text-align: justify;\">\u201cNuestro agradecimiento al presidente de Fundadeporte Jhonny Del Corral, y al gobernador Rafael Lacava, por el apoyo brindado para llevar a cabo con \u00e9xito la I V\u00e1lida Nacional de Esgrima 2022-2023, donde pudimos disfrutar de m\u00e1s de 400 atletas en acci\u00f3n de 15 estados del pa\u00eds, siendo uno de los eventos m\u00e1s grandes y de mayor importancia en Venezuela en los \u00faltimos a\u00f1os\u201d, sentenci\u00f3 Gonz\u00e1lez.<\/p>\n<p style=\"text-align: justify;\">\n<p>&nbsp;<\/p>\n<p>&nbsp;<\/p>\n<h5>VTV\/Gr\u00e1ficas: Cortes\u00eda<\/h5>\n","protected":false},"excerpt":{"rendered":"<p>La Sala de Armas del Complejo Bicentenario \u201cSim\u00f3n Bol\u00edvar\u201d de Naguanagua se visti\u00f3 de gala para recibir la I V\u00e1lida Nacional de Esgrima categor\u00eda Cadete, Juvenil y M\u00e1ster, cita deportiva&hellip; <\/p>\n","protected":false},"author":1,"featured_media":0,"comment_status":"closed","ping_status":"closed","sticky":false,"template":"","format":"standard","meta":{"footnotes":""},"categories":[44],"tags":[],"class_list":["post-20860","post","type-post","status-publish","format-standard","hentry","category-deportes"],"_links":{"self":[{"href":"https:\/\/ciudadtrujillo.com\/index.php?rest_route=\/wp\/v2\/posts\/20860","targetHints":{"allow":["GET"]}}],"collection":[{"href":"https:\/\/ciudadtrujillo.com\/index.php?rest_route=\/wp\/v2\/posts"}],"about":[{"href":"https:\/\/ciudadtrujillo.com\/index.php?rest_route=\/wp\/v2\/types\/post"}],"author":[{"embeddable":true,"href":"https:\/\/ciudadtrujillo.com\/index.php?rest_route=\/wp\/v2\/users\/1"}],"replies":[{"embeddable":true,"href":"https:\/\/ciudadtrujillo.com\/index.php?rest_route=%2Fwp%2Fv2%2Fcomments&post=20860"}],"version-history":[{"count":1,"href":"https:\/\/ciudadtrujillo.com\/index.php?rest_route=\/wp\/v2\/posts\/20860\/revisions"}],"predecessor-version":[{"id":20862,"href":"https:\/\/ciudadtrujillo.com\/index.php?rest_route=\/wp\/v2\/posts\/20860\/revisions\/20862"}],"wp:attachment":[{"href":"https:\/\/ciudadtrujillo.com\/index.php?rest_route=%2Fwp%2Fv2%2Fmedia&parent=20860"}],"wp:term":[{"taxonomy":"category","embeddable":true,"href":"https:\/\/ciudadtrujillo.com\/index.php?rest_route=%2Fwp%2Fv2%2Fcategories&post=20860"},{"taxonomy":"post_tag","embeddable":true,"href":"https:\/\/ciudadtrujillo.com\/index.php?rest_route=%2Fwp%2Fv2%2Ftags&post=20860"}],"curies":[{"name":"wp","href":"https:\/\/api.w.org\/{rel}","templated":true}]}}