{"id":20839,"date":"2022-09-13T17:53:51","date_gmt":"2022-09-13T21:53:51","guid":{"rendered":"http:\/\/ciudadtrujillo.com\/?p=20839"},"modified":"2022-09-13T17:53:51","modified_gmt":"2022-09-13T21:53:51","slug":"lider-de-iran-anuncio-septimo-plan-para-el-desarrollo-del-pais","status":"publish","type":"post","link":"https:\/\/ciudadtrujillo.com\/?p=20839","title":{"rendered":"L\u00edder de Ir\u00e1n anunci\u00f3 s\u00e9ptimo plan para el desarrollo del pa\u00eds"},"content":{"rendered":"<p>Yvke Mundial<br \/>\nGr\u00e1ficas: Cortes\u00eda<\/p>\n<p>El L\u00edder de Ir\u00e1n, el ayatol\u00e1 Seyed Ali Jamenei, anunci\u00f3 las pol\u00edticas generales del s\u00e9ptimo plan para el desarrollo del pa\u00eds, con un enfoque econ\u00f3mico.<\/p>\n<p>Este nuevo plan, se cre\u00f3 despu\u00e9s de realizar las consultas con el Consejo de Discernimiento del Sistema de la Rep\u00fablica Isl\u00e1mica, el mismo ha sido remitido a los jefes de los tres Poderes \u2014Ejecutivo, Legislativo y Judicial\u2014 y del Estado Mayor de las Fuerzas Armadas de Ir\u00e1n.<\/p>\n<p>Cabe destacar que la prioridad de este plan es el progreso econ\u00f3mico, el cual est\u00e1 definido en 26 art\u00edculos que contiene los programas para siete \u00e1reas: Econom\u00eda, Asuntos de Infraestructura, Cultura y Sociedad, Ciencia, Tecnolog\u00eda y Educaci\u00f3n, Pol\u00edtica Interior y Exterior, Defensa y Seguridad, y los Asuntos Administrativo, Jur\u00eddico y Judicial.<\/p>\n<p>En este sentido, el L\u00edder de Ir\u00e1n sostuvo: \u00abLa preparaci\u00f3n y aprobaci\u00f3n de la Ley del S\u00e9ptimo Plan, basada en estas pol\u00edticas, e implementaci\u00f3n precisa y responsable, ser\u00e1 otro paso en la realizaci\u00f3n de los objetivos de la Rep\u00fablica Isl\u00e1mica de Ir\u00e1n\u00bb.<\/p>\n<p>\u00abAsimismo, la supervisi\u00f3n activa del Consejo de Discernimiento del Sistema ayudar\u00e1 a implementar de manera adecuada las pol\u00edticas generales del programa\u00bb, as\u00ed, lo expres\u00f3 en una misiva el L\u00edder de la Revoluci\u00f3n Isl\u00e1mica de Ir\u00e1n a las autoridades.<\/p>\n<p>&nbsp;<\/p>\n","protected":false},"excerpt":{"rendered":"<p>Yvke Mundial Gr\u00e1ficas: Cortes\u00eda El L\u00edder de Ir\u00e1n, el ayatol\u00e1 Seyed Ali Jamenei, anunci\u00f3 las pol\u00edticas generales del s\u00e9ptimo plan para el desarrollo del pa\u00eds, con un enfoque econ\u00f3mico. Este&hellip; <\/p>\n","protected":false},"author":1,"featured_media":0,"comment_status":"closed","ping_status":"closed","sticky":false,"template":"","format":"standard","meta":{"footnotes":""},"categories":[42],"tags":[],"class_list":["post-20839","post","type-post","status-publish","format-standard","hentry","category-mundo"],"_links":{"self":[{"href":"https:\/\/ciudadtrujillo.com\/index.php?rest_route=\/wp\/v2\/posts\/20839","targetHints":{"allow":["GET"]}}],"collection":[{"href":"https:\/\/ciudadtrujillo.com\/index.php?rest_route=\/wp\/v2\/posts"}],"about":[{"href":"https:\/\/ciudadtrujillo.com\/index.php?rest_route=\/wp\/v2\/types\/post"}],"author":[{"embeddable":true,"href":"https:\/\/ciudadtrujillo.com\/index.php?rest_route=\/wp\/v2\/users\/1"}],"replies":[{"embeddable":true,"href":"https:\/\/ciudadtrujillo.com\/index.php?rest_route=%2Fwp%2Fv2%2Fcomments&post=20839"}],"version-history":[{"count":1,"href":"https:\/\/ciudadtrujillo.com\/index.php?rest_route=\/wp\/v2\/posts\/20839\/revisions"}],"predecessor-version":[{"id":20843,"href":"https:\/\/ciudadtrujillo.com\/index.php?rest_route=\/wp\/v2\/posts\/20839\/revisions\/20843"}],"wp:attachment":[{"href":"https:\/\/ciudadtrujillo.com\/index.php?rest_route=%2Fwp%2Fv2%2Fmedia&parent=20839"}],"wp:term":[{"taxonomy":"category","embeddable":true,"href":"https:\/\/ciudadtrujillo.com\/index.php?rest_route=%2Fwp%2Fv2%2Fcategories&post=20839"},{"taxonomy":"post_tag","embeddable":true,"href":"https:\/\/ciudadtrujillo.com\/index.php?rest_route=%2Fwp%2Fv2%2Ftags&post=20839"}],"curies":[{"name":"wp","href":"https:\/\/api.w.org\/{rel}","templated":true}]}}