{"id":20831,"date":"2022-09-13T11:10:53","date_gmt":"2022-09-13T15:10:53","guid":{"rendered":"http:\/\/ciudadtrujillo.com\/?p=20831"},"modified":"2022-09-13T11:10:53","modified_gmt":"2022-09-13T15:10:53","slug":"freddy-nanez-destaca-importancia-de-la-lectura-para-la-sociedad","status":"publish","type":"post","link":"https:\/\/ciudadtrujillo.com\/?p=20831","title":{"rendered":"Freddy \u00d1\u00e1\u00f1ez destaca importancia de la lectura para la sociedad"},"content":{"rendered":"<p style=\"text-align: justify;\">El vicepresidente sectorial de Comunicaci\u00f3n, Cultura y Turismo, Freddy \u00d1\u00e1\u00f1ez, recalc\u00f3 la necesidad de cultivar la lectura en la sociedad.<\/p>\n<p style=\"text-align: justify;\">\u00abEl libro debe existir, debe existir el editor, el librero, el bibliotecario y deben existir espacios donde est\u00e9n los libros, deben existir entornos al libro, esta extra\u00f1a sociabilidad que se da\u00bb, se\u00f1al\u00f3 el tambi\u00e9n ministro para Comunicaci\u00f3n e Informaci\u00f3n.<\/p>\n<p style=\"text-align: justify;\">Entrevistado en el programa La Librer\u00eda Medi\u00e1tica, transmitido por Venezolana de Televisi\u00f3n, \u00d1\u00e1\u00f1ez fue consultado por el libro \u2018No cosas: Quiebras del Mundo de hoy\u2019, del fil\u00f3sofo surcoreano Byung-Chul Han.<\/p>\n<p style=\"text-align: justify;\">Para \u00d1\u00e1\u00f1ez, en este libro, el surcoreano expone al capitalismo neoliberal como un proceso que no est\u00e1 relacionado con los proyectos en el mundo.<\/p>\n<p style=\"text-align: justify;\">\u00abUn progreso infinito no puede darse en ning\u00fan caso porque vivimos en un espacio material que es finitud en s\u00ed misma, que nos marca desde el punto de vista \u00e9tico, espiritual e incluso pol\u00edtico, marca el origen de un posible desarrollo\u00bb, explic\u00f3 \u00d1\u00e1\u00f1ez en el programa<\/p>\n<p style=\"text-align: justify;\">Por eso, detall\u00f3 el tambi\u00e9n ministro para Comunicaci\u00f3n e Informaci\u00f3n; Chul Han dice \u00abque el capitalismo encuentra los l\u00edmites de la explosi\u00f3n y el rendimiento de la materialidad ha cambiado radicalmente su campo de explotaci\u00f3n, porque ya no es el cuerpo ni la energ\u00eda sino la mente que es infinita, convirti\u00e9ndose en el nuevo campo de explotaci\u00f3n y de un orden injusto, discriminatorio, que no tiene ning\u00fan tipo de relaci\u00f3n con los proyectos pol\u00edticos que ha surgido en todo el mundo, de emancipaci\u00f3n, de justicia y de igualdad\u00bb.<\/p>\n<p style=\"text-align: justify;\">Agreg\u00f3 que el fil\u00f3sofo tambi\u00e9n destaca c\u00f3mo las redes sociales son las nuevas t\u00e9cnicas de poderes que \u00abdiluyen la posibilidad de estar juntos, de disentir, de construir sobre las disidencias comunidad, valores y pensamientos que puedan ser universales\u00bb.<\/p>\n<p style=\"text-align: justify;\">\u00abPor lo tanto estamos hablando de la configuraci\u00f3n de un sujeto narcisista, individualista, solipsista, que est\u00e1 en condiciones de simplemente de existir en la propia virtualidad\u00bb, relat\u00f3.<\/p>\n<p style=\"text-align: justify;\">A su juicio, la cr\u00edtica del autor es \u00abinteresante\u00bb como objeto, proceso social y cultural.<\/p>\n<p style=\"text-align: justify;\">\n<p>&nbsp;<\/p>\n<h5>\u00daltimas Noticias\/ Gr\u00e1ficas: Cortes\u00eda<\/h5>\n","protected":false},"excerpt":{"rendered":"<p>El vicepresidente sectorial de Comunicaci\u00f3n, Cultura y Turismo, Freddy \u00d1\u00e1\u00f1ez, recalc\u00f3 la necesidad de cultivar la lectura en la sociedad. \u00abEl libro debe existir, debe existir el editor, el librero,&hellip; <\/p>\n","protected":false},"author":1,"featured_media":20832,"comment_status":"closed","ping_status":"closed","sticky":false,"template":"","format":"standard","meta":{"footnotes":""},"categories":[46],"tags":[],"class_list":["post-20831","post","type-post","status-publish","format-standard","has-post-thumbnail","hentry","category-cultura"],"_links":{"self":[{"href":"https:\/\/ciudadtrujillo.com\/index.php?rest_route=\/wp\/v2\/posts\/20831","targetHints":{"allow":["GET"]}}],"collection":[{"href":"https:\/\/ciudadtrujillo.com\/index.php?rest_route=\/wp\/v2\/posts"}],"about":[{"href":"https:\/\/ciudadtrujillo.com\/index.php?rest_route=\/wp\/v2\/types\/post"}],"author":[{"embeddable":true,"href":"https:\/\/ciudadtrujillo.com\/index.php?rest_route=\/wp\/v2\/users\/1"}],"replies":[{"embeddable":true,"href":"https:\/\/ciudadtrujillo.com\/index.php?rest_route=%2Fwp%2Fv2%2Fcomments&post=20831"}],"version-history":[{"count":1,"href":"https:\/\/ciudadtrujillo.com\/index.php?rest_route=\/wp\/v2\/posts\/20831\/revisions"}],"predecessor-version":[{"id":20833,"href":"https:\/\/ciudadtrujillo.com\/index.php?rest_route=\/wp\/v2\/posts\/20831\/revisions\/20833"}],"wp:featuredmedia":[{"embeddable":true,"href":"https:\/\/ciudadtrujillo.com\/index.php?rest_route=\/wp\/v2\/media\/20832"}],"wp:attachment":[{"href":"https:\/\/ciudadtrujillo.com\/index.php?rest_route=%2Fwp%2Fv2%2Fmedia&parent=20831"}],"wp:term":[{"taxonomy":"category","embeddable":true,"href":"https:\/\/ciudadtrujillo.com\/index.php?rest_route=%2Fwp%2Fv2%2Fcategories&post=20831"},{"taxonomy":"post_tag","embeddable":true,"href":"https:\/\/ciudadtrujillo.com\/index.php?rest_route=%2Fwp%2Fv2%2Ftags&post=20831"}],"curies":[{"name":"wp","href":"https:\/\/api.w.org\/{rel}","templated":true}]}}