{"id":20762,"date":"2022-09-11T21:48:19","date_gmt":"2022-09-12T01:48:19","guid":{"rendered":"http:\/\/ciudadtrujillo.com\/?p=20762"},"modified":"2022-09-11T21:48:19","modified_gmt":"2022-09-12T01:48:19","slug":"jefe-de-estado-celebro-dia-de-la-virgen-de-coromoto","status":"publish","type":"post","link":"https:\/\/ciudadtrujillo.com\/?p=20762","title":{"rendered":"Jefe de Estado celebr\u00f3 d\u00eda de la Virgen de Coromoto"},"content":{"rendered":"<p style=\"text-align: justify;\">El presidente de la Rep\u00fablica Bolivariana de Venezuela, Nicol\u00e1s Maduro, celebr\u00f3 el d\u00eda de la Virgen de Coromoto y pide que interceda por nosotros ante el Padre, y nos bendiga con su amor.<\/p>\n<p style=\"text-align: justify;\">A trav\u00e9s de su cuenta de Twitter @NicolasMaduro, el Mandatario Nacional se\u00f1al\u00f3 que este 11 de septiembre el pa\u00eds celebra el D\u00eda de \u201cNuestra Se\u00f1ora de Coromoto\u201d.<\/p>\n<p style=\"text-align: justify;\">Es importante destacar que este domingo, se celebr\u00f3 el d\u00eda de la Virgen de Coromoto, quien un 11 de septiembre se le apareci\u00f3 por segunda vez al indio Coromoto, en 1652 y le entreg\u00f3 un pedazo de corteza de \u00e1rbol con su imagen. Esta fecha fue tomada por la Iglesia Cat\u00f3lica para la adoraci\u00f3n de la \u201cCeleste y Principal Patrona de Venezuela\u201d.<\/p>\n<p style=\"text-align: justify;\">Hoy en d\u00eda, cerca de Guanare, estado Portuguesa, en el lugar de la segunda aparici\u00f3n fue construido un hermoso templo, el Santuario Nacional \u00abNuestra Se\u00f1ora de Coromoto\u00bb, el cual fue consagrado a esta virgen el 7 de enero de 1996, e inaugurado con la solemne Eucarist\u00eda presidida por el Papa Juan Pablo II el 10 de febrero de ese mismo a\u00f1o.<\/p>\n<p style=\"text-align: justify;\">Detr\u00e1s del altar se encuentra la imagen de la mujer y debajo de esta imagen est\u00e1 un relicario de oro, brillantes y perlas.<\/p>\n<p style=\"text-align: justify;\">\n<p>&nbsp;<\/p>\n<p>&nbsp;<\/p>\n<h5>VTV\/Gr\u00e1ficas: Cortes\u00eda<\/h5>\n","protected":false},"excerpt":{"rendered":"<p>El presidente de la Rep\u00fablica Bolivariana de Venezuela, Nicol\u00e1s Maduro, celebr\u00f3 el d\u00eda de la Virgen de Coromoto y pide que interceda por nosotros ante el Padre, y nos bendiga&hellip; <\/p>\n","protected":false},"author":1,"featured_media":20763,"comment_status":"closed","ping_status":"closed","sticky":false,"template":"","format":"standard","meta":{"footnotes":""},"categories":[46],"tags":[],"class_list":["post-20762","post","type-post","status-publish","format-standard","has-post-thumbnail","hentry","category-cultura"],"_links":{"self":[{"href":"https:\/\/ciudadtrujillo.com\/index.php?rest_route=\/wp\/v2\/posts\/20762","targetHints":{"allow":["GET"]}}],"collection":[{"href":"https:\/\/ciudadtrujillo.com\/index.php?rest_route=\/wp\/v2\/posts"}],"about":[{"href":"https:\/\/ciudadtrujillo.com\/index.php?rest_route=\/wp\/v2\/types\/post"}],"author":[{"embeddable":true,"href":"https:\/\/ciudadtrujillo.com\/index.php?rest_route=\/wp\/v2\/users\/1"}],"replies":[{"embeddable":true,"href":"https:\/\/ciudadtrujillo.com\/index.php?rest_route=%2Fwp%2Fv2%2Fcomments&post=20762"}],"version-history":[{"count":1,"href":"https:\/\/ciudadtrujillo.com\/index.php?rest_route=\/wp\/v2\/posts\/20762\/revisions"}],"predecessor-version":[{"id":20764,"href":"https:\/\/ciudadtrujillo.com\/index.php?rest_route=\/wp\/v2\/posts\/20762\/revisions\/20764"}],"wp:featuredmedia":[{"embeddable":true,"href":"https:\/\/ciudadtrujillo.com\/index.php?rest_route=\/wp\/v2\/media\/20763"}],"wp:attachment":[{"href":"https:\/\/ciudadtrujillo.com\/index.php?rest_route=%2Fwp%2Fv2%2Fmedia&parent=20762"}],"wp:term":[{"taxonomy":"category","embeddable":true,"href":"https:\/\/ciudadtrujillo.com\/index.php?rest_route=%2Fwp%2Fv2%2Fcategories&post=20762"},{"taxonomy":"post_tag","embeddable":true,"href":"https:\/\/ciudadtrujillo.com\/index.php?rest_route=%2Fwp%2Fv2%2Ftags&post=20762"}],"curies":[{"name":"wp","href":"https:\/\/api.w.org\/{rel}","templated":true}]}}