{"id":20753,"date":"2022-09-11T21:40:17","date_gmt":"2022-09-12T01:40:17","guid":{"rendered":"http:\/\/ciudadtrujillo.com\/?p=20753"},"modified":"2022-09-11T21:40:21","modified_gmt":"2022-09-12T01:40:21","slug":"presidente-maduro-desde-el-amor-se-construye-lo-maravilloso-para-la-patria","status":"publish","type":"post","link":"https:\/\/ciudadtrujillo.com\/?p=20753","title":{"rendered":"Presidente Maduro: desde el amor se construye lo maravilloso para la Patria"},"content":{"rendered":"<p style=\"text-align: justify;\">El presidente de la Rep\u00fablica Bolivariana de Venezuela, Nicol\u00e1s Maduro Moros exhort\u00f3 a los venezolanos a compartir, hacer y vivir desde el amor, pues \u201csolo desde all\u00ed se construye lo maravilloso para la Patria\u201d.<\/p>\n<p style=\"text-align: justify;\">As\u00ed lo expres\u00f3 el jefe de Estado en un mensaje publicado a trav\u00e9s de su cuenta en la red social Twitter, @NicolasMaduro.<\/p>\n<p style=\"text-align: justify;\">En la publicaci\u00f3n, el Mandatario nacional reflexion\u00f3 sobre una frase del poeta y pol\u00edtico cubano Jos\u00e9 Mart\u00ed: \u201cLa \u00fanica verdad de esta vida, y la \u00fanica fuerza, es el amor\u00bb.<\/p>\n<p style=\"text-align: justify;\">\n<p>&nbsp;<\/p>\n<p>&nbsp;<\/p>\n<h5>VTV\/Gr\u00e1fica: Cortes\u00eda<\/h5>\n","protected":false},"excerpt":{"rendered":"<p>El presidente de la Rep\u00fablica Bolivariana de Venezuela, Nicol\u00e1s Maduro Moros exhort\u00f3 a los venezolanos a compartir, hacer y vivir desde el amor, pues \u201csolo desde all\u00ed se construye lo&hellip; <\/p>\n","protected":false},"author":1,"featured_media":20754,"comment_status":"closed","ping_status":"closed","sticky":false,"template":"","format":"standard","meta":{"footnotes":""},"categories":[41],"tags":[],"class_list":["post-20753","post","type-post","status-publish","format-standard","has-post-thumbnail","hentry","category-pais"],"_links":{"self":[{"href":"https:\/\/ciudadtrujillo.com\/index.php?rest_route=\/wp\/v2\/posts\/20753","targetHints":{"allow":["GET"]}}],"collection":[{"href":"https:\/\/ciudadtrujillo.com\/index.php?rest_route=\/wp\/v2\/posts"}],"about":[{"href":"https:\/\/ciudadtrujillo.com\/index.php?rest_route=\/wp\/v2\/types\/post"}],"author":[{"embeddable":true,"href":"https:\/\/ciudadtrujillo.com\/index.php?rest_route=\/wp\/v2\/users\/1"}],"replies":[{"embeddable":true,"href":"https:\/\/ciudadtrujillo.com\/index.php?rest_route=%2Fwp%2Fv2%2Fcomments&post=20753"}],"version-history":[{"count":1,"href":"https:\/\/ciudadtrujillo.com\/index.php?rest_route=\/wp\/v2\/posts\/20753\/revisions"}],"predecessor-version":[{"id":20755,"href":"https:\/\/ciudadtrujillo.com\/index.php?rest_route=\/wp\/v2\/posts\/20753\/revisions\/20755"}],"wp:featuredmedia":[{"embeddable":true,"href":"https:\/\/ciudadtrujillo.com\/index.php?rest_route=\/wp\/v2\/media\/20754"}],"wp:attachment":[{"href":"https:\/\/ciudadtrujillo.com\/index.php?rest_route=%2Fwp%2Fv2%2Fmedia&parent=20753"}],"wp:term":[{"taxonomy":"category","embeddable":true,"href":"https:\/\/ciudadtrujillo.com\/index.php?rest_route=%2Fwp%2Fv2%2Fcategories&post=20753"},{"taxonomy":"post_tag","embeddable":true,"href":"https:\/\/ciudadtrujillo.com\/index.php?rest_route=%2Fwp%2Fv2%2Ftags&post=20753"}],"curies":[{"name":"wp","href":"https:\/\/api.w.org\/{rel}","templated":true}]}}