{"id":20717,"date":"2022-09-08T22:07:28","date_gmt":"2022-09-09T02:07:28","guid":{"rendered":"http:\/\/ciudadtrujillo.com\/?p=20717"},"modified":"2022-09-08T22:07:28","modified_gmt":"2022-09-09T02:07:28","slug":"ciclo-de-cine-mexicano-contemporaneo-en-la-cinemateca-nacional-entrada-gratis","status":"publish","type":"post","link":"https:\/\/ciudadtrujillo.com\/?p=20717","title":{"rendered":"Ciclo de Cine Mexicano Contempor\u00e1neo en la Cinemateca Nacional \u00a1Entrada gratis!"},"content":{"rendered":"<p style=\"text-align: justify;\">A prop\u00f3sito del aniversario 212 de la Independencia de M\u00e9xico (16 de septiembre) la Fundaci\u00f3n Cinemateca Nacional (FCN) y la embajada de M\u00e9xico en Venezuela, realizan un Ciclo de Cine Mexicano Contempor\u00e1neo que culmina el pr\u00f3ximo 15 de septiembre.<\/p>\n<p style=\"text-align: justify;\">\nSe trata de una exhibici\u00f3n que no se hac\u00eda en el pa\u00eds desde septiembre de 2016 por lo que constituye una excelente oportunidad para acercar al p\u00fablico venezolano a la naci\u00f3n azteca a trav\u00e9s de su cinematograf\u00eda, manifestaci\u00f3n art\u00edstica que ofrece una panor\u00e1mica m\u00e1s completa e integral de la cultura e idiosincrasia de M\u00e9xico, as\u00ed como de su realidad contempor\u00e1nea.<\/p>\n<p style=\"text-align: justify;\">\nLa presentaci\u00f3n del Ciclo de Cine Mexicano Contempor\u00e1neo -que se inici\u00f3 el pasado 3 de septiembre- fue hecha por la jefa de la Misi\u00f3n Adjunta de la embajada de M\u00e9xico en Venezuela, Helietta Gonz\u00e1lez Hern\u00e1ndez -en representaci\u00f3n del embajador, Leopoldo de Gyves de la Cruz- y el presidente de la Cinemateca Nacional, Vladimir Sosa Sarabia, quienes estuvieron acompa\u00f1ados de representantes del cuerpo diplom\u00e1tico acreditado y p\u00fablico en general.<\/p>\n<p style=\"text-align: justify;\">\n\u00abPara nosotros es sumamente importante, sumamente simb\u00f3lico poder traer al pueblo venezolano esta muestra de cine mexicano&#8230; que permite fortalecer lazos de hermandad entre Venezuela y M\u00e9xico mediante el s\u00e9ptimo arte&#8230; Le damos las gracias a la Cinemateca Nacional, especialmente a su presidente, Vladimir Sosa Sarabia, y al ministro para la Cultura, Ernesto Villegas\u00bb, manifest\u00f3 Gonz\u00e1lez Hern\u00e1ndez.<\/p>\n<p style=\"text-align: justify;\">\nDestac\u00f3 que la muestra, est\u00e1 constituida por 28 t\u00edtulos divididos en dos bloques, uno para adultos previsto de lunes a viernes y otro para toda la familia programado los fines de semana.<\/p>\n<p style=\"text-align: justify;\">\nEn el primer bloque figuran producciones de muy reciente data, realizadas entre 2017 y 2021, mientras en el segundo hay -en su mayor\u00eda- producciones animadas de entre 2009 y 2020.<\/p>\n<p style=\"text-align: justify;\">\nLa jefa de la Misi\u00f3n Adjunta de la embajada de M\u00e9xico en Venezuela, detall\u00f3 que el ciclo incluye largometrajes, cortometrajes y documentales elaborados en distintas latitudes del territorio azteca que en conjunto dan cuenta de la amplia diversidad cinematogr\u00e1fica de esta naci\u00f3n, una de las m\u00e1s robustas del mundo.<\/p>\n<p style=\"text-align: justify;\">\n<p style=\"text-align: justify;\">Enfatiz\u00f3 que M\u00e9xico, es uno de los 20 pa\u00edses con mayor producci\u00f3n cinematogr\u00e1fica a nivel mundial, considerando que solo en 2021 se produjeron 259 largometrajes; 111 en 2020; y 216 en 2019.<\/p>\n<p style=\"text-align: justify;\">\nGracias a estos altos vol\u00famenes de producci\u00f3n -record\u00f3 la diplom\u00e1tica- en 2017 el Senado de la Rep\u00fablica de M\u00e9xico aprob\u00f3 la designaci\u00f3n de la fecha 15 de agosto como el D\u00eda Nacional del Cine Mexicano, una medida que busca reconocer el aporte cultural y art\u00edstico del s\u00e9ptimo arte en este pa\u00eds.<\/p>\n<p style=\"text-align: justify;\">\nEl Ciclo de Cine Mexicano Contempor\u00e1neo, se proyecta gratuitamente en las siguientes salas de la Cinemateca Nacional: MBA (Museo de Bellas Artes), Margot Benacerraf en la Universidad Nacional Experimental de las Artes (Unearte) Celarg (Centro de Estudios Latinoamericanos R\u00f3mulo Gallegos) San Carlos (Cojedes) y Tucupita (Delta Amacuro).<\/p>\n<p style=\"text-align: justify;\">\nEntre los t\u00edtulos para el p\u00fablico adulto se encuentran Restos de viento (2017) de Jimena Montemayor; Polvo de estrellas (2017) de Aldo Sotelo L\u00e1zaro; El mar entre las casas (2020) de Juan Pablo Garc\u00eda Diego; Escafandra (2019) de Roque Azcuaga; Yermo (2020) de Everardo Gonz\u00e1lez; Arreglo napolitano (2019) de Rodrigo Ruiz Patterson; 90 d\u00edas para el 2 de julio de Rafael Mart\u00ednez Garc\u00eda; Obachan (2020) de Nicolasa Ruiz Mendoza; Las hostilidades (2021) de M. Sebasti\u00e1n Molina; Metro Aeropuerto (2019) de Humberto Aguirre; y Santuario, el viaje perrote de Paty Aguirre (2021) de Christian Sida Valenzuela.<\/p>\n<p style=\"text-align: justify;\">\nLe siguen Boca de culebra (2020) de Adriana Otero Puerto; Koo (2021) de Nicol\u00e1s Rojas S\u00e1nchez; Donde duermen los p\u00e1jaros (2022) de Alejandro Alatorre; Fuego adentro (2020) de Jes\u00fas Mario Lozano; Retiro (2019) de Daniela Alatorre Benard; Estanislao (2020) de Alejandro Guzm\u00e1n \u00c1lvarez; Distrito olvido (2021) de Thom D\u00edaz; Hope, Soledad (2021) de Yolanda Cruz; Los fundadores (2021) de Diego Hern\u00e1ndez y Los hermosos vencidos (2021) de Guillermo Magari\u00f1os.<\/p>\n<p style=\"text-align: justify;\">\nEn cuanto a la secci\u00f3n preparada para toda la familia, est\u00e1n las piezas: Iker pelos tiesos (2009) de Sandra Garc\u00eda Velten; Lucy contra los l\u00edmites de la voz (2012) de M\u00f3nica Herrera; El trompetista (2014) de Ra\u00fal \u201cRobin\u201d Morales Reyes; Panthera tigris tigris (2014) de Jeh\u00fa S\u00e1nchez Navarro; El desfile de los ausentes (2020) de Marcos Almada Rivero y La incre\u00edble historia del Ni\u00f1o de Piedra (2015) de Pablo Aldrete, Miguel Bonilla, Jaime Romandia y Miguel \u00c1ngel Uriegas (M\u00e9xico, 2015).<\/p>\n<p style=\"text-align: justify;\">\nPara conocer en detalle la cartelera del Ciclo de Cine Mexicano Contempor\u00e1neo, visita Twitter: @cinematecavzl; Instagram: @cinematecavzla; Facebook: Cinemateca vzla; y VENApp: Cinemateca Vzla.<\/p>\n<p style=\"text-align: justify;\">\n<p>&nbsp;<\/p>\n<p>&nbsp;<\/p>\n<h5>Prensa Mppc\/Gr\u00e1ficas: Cortes\u00eda<\/h5>\n","protected":false},"excerpt":{"rendered":"<p>A prop\u00f3sito del aniversario 212 de la Independencia de M\u00e9xico (16 de septiembre) la Fundaci\u00f3n Cinemateca Nacional (FCN) y la embajada de M\u00e9xico en Venezuela, realizan un Ciclo de Cine&hellip; <\/p>\n","protected":false},"author":1,"featured_media":20718,"comment_status":"closed","ping_status":"closed","sticky":false,"template":"","format":"standard","meta":{"footnotes":""},"categories":[46],"tags":[],"class_list":["post-20717","post","type-post","status-publish","format-standard","has-post-thumbnail","hentry","category-cultura"],"_links":{"self":[{"href":"https:\/\/ciudadtrujillo.com\/index.php?rest_route=\/wp\/v2\/posts\/20717","targetHints":{"allow":["GET"]}}],"collection":[{"href":"https:\/\/ciudadtrujillo.com\/index.php?rest_route=\/wp\/v2\/posts"}],"about":[{"href":"https:\/\/ciudadtrujillo.com\/index.php?rest_route=\/wp\/v2\/types\/post"}],"author":[{"embeddable":true,"href":"https:\/\/ciudadtrujillo.com\/index.php?rest_route=\/wp\/v2\/users\/1"}],"replies":[{"embeddable":true,"href":"https:\/\/ciudadtrujillo.com\/index.php?rest_route=%2Fwp%2Fv2%2Fcomments&post=20717"}],"version-history":[{"count":1,"href":"https:\/\/ciudadtrujillo.com\/index.php?rest_route=\/wp\/v2\/posts\/20717\/revisions"}],"predecessor-version":[{"id":20719,"href":"https:\/\/ciudadtrujillo.com\/index.php?rest_route=\/wp\/v2\/posts\/20717\/revisions\/20719"}],"wp:featuredmedia":[{"embeddable":true,"href":"https:\/\/ciudadtrujillo.com\/index.php?rest_route=\/wp\/v2\/media\/20718"}],"wp:attachment":[{"href":"https:\/\/ciudadtrujillo.com\/index.php?rest_route=%2Fwp%2Fv2%2Fmedia&parent=20717"}],"wp:term":[{"taxonomy":"category","embeddable":true,"href":"https:\/\/ciudadtrujillo.com\/index.php?rest_route=%2Fwp%2Fv2%2Fcategories&post=20717"},{"taxonomy":"post_tag","embeddable":true,"href":"https:\/\/ciudadtrujillo.com\/index.php?rest_route=%2Fwp%2Fv2%2Ftags&post=20717"}],"curies":[{"name":"wp","href":"https:\/\/api.w.org\/{rel}","templated":true}]}}