{"id":20714,"date":"2022-09-08T22:05:06","date_gmt":"2022-09-09T02:05:06","guid":{"rendered":"http:\/\/ciudadtrujillo.com\/?p=20714"},"modified":"2022-09-08T22:05:06","modified_gmt":"2022-09-09T02:05:06","slug":"ministro-villegas-recibe-al-nuevo-embajador-de-turkiye","status":"publish","type":"post","link":"https:\/\/ciudadtrujillo.com\/?p=20714","title":{"rendered":"Ministro Villegas recibe al nuevo embajador de Turkiye"},"content":{"rendered":"<p style=\"text-align: justify;\">El nuevo embajador designado de la Rep\u00fablica de Turkiye Naci Aydan Karamanoglu fue recibido en la Casona Cultural Aquiles Nazoa por el ministro de Cultura Ernesto Villegas con el fin de continuar trabajando en el intercambio cultural entre Venezuela y Turqu\u00eda.<\/p>\n<p style=\"text-align: justify;\">As\u00ed lo dio a conocer el ministro a trav\u00e9s de su cuenta en Twitter y aprovech\u00f3 la oportunidad de obsequiarle como un gesto afectuoso una hamaca artesanal realizada en nuestro pa\u00eds, adem\u00e1s, el \u201cdiplom\u00e1tico comparti\u00f3 gratamente con los ni\u00f1os y las ni\u00f1as de la Casona Cultural\u201d.<\/p>\n<p style=\"text-align: justify;\">\n<p style=\"text-align: justify;\">En su amplia trayectoria p\u00fablica fue candidato a Diplom\u00e1tico de Carrera del Departamento para Estados Eslavos del Ministerio de Asuntos Exteriores de la Rep\u00fablica de Turqu\u00eda. (1997-1998) y candidato a Diplom\u00e1tico de Carrera Agregado en el Departamento para Europa Oriental del Ministerio de Asuntos Exteriores de la Rep\u00fablica de Turqu\u00eda (1998 \u2013 1999).<\/p>\n<p style=\"text-align: justify;\">\n<p style=\"text-align: justify;\">Las relaciones diplom\u00e1ticas que sostienen ambas naciones est\u00e1n basadas en los principios de solidaridad, paz y autodeterminaci\u00f3n de los pueblos; v\u00ednculos que visionan los retos y avances en materia cultural fortalecidos en acuerdos bilaterales.<\/p>\n<p>&nbsp;<\/p>\n<p>&nbsp;<\/p>\n<h5>Prensa Mppc\/Gr\u00e1ficas: Cortes\u00eda<\/h5>\n","protected":false},"excerpt":{"rendered":"<p>El nuevo embajador designado de la Rep\u00fablica de Turkiye Naci Aydan Karamanoglu fue recibido en la Casona Cultural Aquiles Nazoa por el ministro de Cultura Ernesto Villegas con el fin&hellip; <\/p>\n","protected":false},"author":1,"featured_media":20715,"comment_status":"closed","ping_status":"closed","sticky":false,"template":"","format":"standard","meta":{"footnotes":""},"categories":[46],"tags":[],"class_list":["post-20714","post","type-post","status-publish","format-standard","has-post-thumbnail","hentry","category-cultura"],"_links":{"self":[{"href":"https:\/\/ciudadtrujillo.com\/index.php?rest_route=\/wp\/v2\/posts\/20714","targetHints":{"allow":["GET"]}}],"collection":[{"href":"https:\/\/ciudadtrujillo.com\/index.php?rest_route=\/wp\/v2\/posts"}],"about":[{"href":"https:\/\/ciudadtrujillo.com\/index.php?rest_route=\/wp\/v2\/types\/post"}],"author":[{"embeddable":true,"href":"https:\/\/ciudadtrujillo.com\/index.php?rest_route=\/wp\/v2\/users\/1"}],"replies":[{"embeddable":true,"href":"https:\/\/ciudadtrujillo.com\/index.php?rest_route=%2Fwp%2Fv2%2Fcomments&post=20714"}],"version-history":[{"count":1,"href":"https:\/\/ciudadtrujillo.com\/index.php?rest_route=\/wp\/v2\/posts\/20714\/revisions"}],"predecessor-version":[{"id":20716,"href":"https:\/\/ciudadtrujillo.com\/index.php?rest_route=\/wp\/v2\/posts\/20714\/revisions\/20716"}],"wp:featuredmedia":[{"embeddable":true,"href":"https:\/\/ciudadtrujillo.com\/index.php?rest_route=\/wp\/v2\/media\/20715"}],"wp:attachment":[{"href":"https:\/\/ciudadtrujillo.com\/index.php?rest_route=%2Fwp%2Fv2%2Fmedia&parent=20714"}],"wp:term":[{"taxonomy":"category","embeddable":true,"href":"https:\/\/ciudadtrujillo.com\/index.php?rest_route=%2Fwp%2Fv2%2Fcategories&post=20714"},{"taxonomy":"post_tag","embeddable":true,"href":"https:\/\/ciudadtrujillo.com\/index.php?rest_route=%2Fwp%2Fv2%2Ftags&post=20714"}],"curies":[{"name":"wp","href":"https:\/\/api.w.org\/{rel}","templated":true}]}}