{"id":20708,"date":"2022-09-08T22:01:22","date_gmt":"2022-09-09T02:01:22","guid":{"rendered":"http:\/\/ciudadtrujillo.com\/?p=20708"},"modified":"2022-09-08T22:01:22","modified_gmt":"2022-09-09T02:01:22","slug":"yulimar-rojas-obtiene-su-segundo-diamante-en-zurich","status":"publish","type":"post","link":"https:\/\/ciudadtrujillo.com\/?p=20708","title":{"rendered":"Yulimar Rojas obtiene su segundo diamante en Z\u00farich"},"content":{"rendered":"<p style=\"text-align: justify;\">La triple saltadora venezolana, Yulimar Rojas, demostr\u00f3 sus habilidades y se coron\u00f3 bicampeona de la Liga Diamante en la pista de Z\u00farich, Suiza.<\/p>\n<p style=\"text-align: justify;\">La criolla consigui\u00f3 un salto de 15.28 metros de longitud en los seis intentos que registr\u00f3 para colocarse en la primera posici\u00f3n.<\/p>\n<p style=\"text-align: justify;\">La m\u00e1s cercana competidora de Rojas fue la ucraniana Maryna Bekh-Romanchuk, quien lleg\u00f3 a una distancia de 14.96 metros.<\/p>\n<p style=\"text-align: justify;\">El campeonato result\u00f3 un poco complicado para Yulimar, quien fall\u00f3 tres de sus cuatro primeros intentos. Sin embargo, esto no fue impedimento para demostrar su dominio.<\/p>\n<p style=\"text-align: justify;\">El quinto salto tambi\u00e9n fall\u00f3 en su intento, aunque el sexto y \u00faltimo registr\u00f3 una marca de 14.99 metros.<\/p>\n<p style=\"text-align: justify;\">Rojas consigui\u00f3 mantener su reinado en la Liga Diamante al quedar primera en el ranking mundial.<\/p>\n<p style=\"text-align: justify;\">En la final tambi\u00e9n compitieron la portuguesa Patricia Castor, la dominicana The Lafond, la estadounidense Tori Franklin y la jamaiquina Shanieka Ricketts.<\/p>\n<p style=\"text-align: justify;\">Salto de longitud<br \/>\nRecordemos que Yulimar Rojas destac\u00f3 su deseo de ingresar en la disciplina de salto de longitud o salto largo, \u00e1rea en la que aspira convertirse tambi\u00e9n en la n\u00famero 1 mundial.<\/p>\n<p style=\"text-align: justify;\">\u201cAmo el salto de longitud\u2026tengo aspiraciones y prop\u00f3sito para el salto de longitud. Me gustar\u00eda ir a una gran competencia y llegar a la final del salto de longitud\u201d, expres\u00f3.<\/p>\n<p style=\"text-align: justify;\">\u201cPara m\u00ed ser\u00eda un honor y placer hacerlo y yo creo que para el a\u00f1o que viene ser\u00e1 muy importante para hacer un poco de salto de longitud\u201d, a\u00f1adi\u00f3.<\/p>\n<p>&nbsp;<\/p>\n<p>&nbsp;<\/p>\n<h5>L\u00cdDER\/Gr\u00e1ficas: Cortes\u00eda<\/h5>\n","protected":false},"excerpt":{"rendered":"<p>La triple saltadora venezolana, Yulimar Rojas, demostr\u00f3 sus habilidades y se coron\u00f3 bicampeona de la Liga Diamante en la pista de Z\u00farich, Suiza. La criolla consigui\u00f3 un salto de 15.28&hellip; <\/p>\n","protected":false},"author":1,"featured_media":20709,"comment_status":"closed","ping_status":"closed","sticky":false,"template":"","format":"standard","meta":{"footnotes":""},"categories":[44],"tags":[],"class_list":["post-20708","post","type-post","status-publish","format-standard","has-post-thumbnail","hentry","category-deportes"],"_links":{"self":[{"href":"https:\/\/ciudadtrujillo.com\/index.php?rest_route=\/wp\/v2\/posts\/20708","targetHints":{"allow":["GET"]}}],"collection":[{"href":"https:\/\/ciudadtrujillo.com\/index.php?rest_route=\/wp\/v2\/posts"}],"about":[{"href":"https:\/\/ciudadtrujillo.com\/index.php?rest_route=\/wp\/v2\/types\/post"}],"author":[{"embeddable":true,"href":"https:\/\/ciudadtrujillo.com\/index.php?rest_route=\/wp\/v2\/users\/1"}],"replies":[{"embeddable":true,"href":"https:\/\/ciudadtrujillo.com\/index.php?rest_route=%2Fwp%2Fv2%2Fcomments&post=20708"}],"version-history":[{"count":1,"href":"https:\/\/ciudadtrujillo.com\/index.php?rest_route=\/wp\/v2\/posts\/20708\/revisions"}],"predecessor-version":[{"id":20710,"href":"https:\/\/ciudadtrujillo.com\/index.php?rest_route=\/wp\/v2\/posts\/20708\/revisions\/20710"}],"wp:featuredmedia":[{"embeddable":true,"href":"https:\/\/ciudadtrujillo.com\/index.php?rest_route=\/wp\/v2\/media\/20709"}],"wp:attachment":[{"href":"https:\/\/ciudadtrujillo.com\/index.php?rest_route=%2Fwp%2Fv2%2Fmedia&parent=20708"}],"wp:term":[{"taxonomy":"category","embeddable":true,"href":"https:\/\/ciudadtrujillo.com\/index.php?rest_route=%2Fwp%2Fv2%2Fcategories&post=20708"},{"taxonomy":"post_tag","embeddable":true,"href":"https:\/\/ciudadtrujillo.com\/index.php?rest_route=%2Fwp%2Fv2%2Ftags&post=20708"}],"curies":[{"name":"wp","href":"https:\/\/api.w.org\/{rel}","templated":true}]}}