{"id":20705,"date":"2022-09-08T21:58:55","date_gmt":"2022-09-09T01:58:55","guid":{"rendered":"http:\/\/ciudadtrujillo.com\/?p=20705"},"modified":"2022-09-08T21:58:55","modified_gmt":"2022-09-09T01:58:55","slug":"fallece-a-sus-96-anos-la-reina-britanica-isabel-ii","status":"publish","type":"post","link":"https:\/\/ciudadtrujillo.com\/?p=20705","title":{"rendered":"Fallece, a sus 96 a\u00f1os, la reina brit\u00e1nica Isabel II"},"content":{"rendered":"<p style=\"text-align: justify;\">La reina de Reino Unido de Gran Breta\u00f1a e Irlanda del Norte, Isabel II, falleci\u00f3 este jueves en su casa de veraneo en Balmoral, Escocia, anunciaron desde el Palacio de Buckingham.<\/p>\n<p style=\"text-align: justify;\">El equipo m\u00e9dico hab\u00eda anunciado el delicado estado de salud de la monarca, lo cual provoc\u00f3 el viaje al castillo escoc\u00e9s de los miembros de la familia real, encabezados por el entonces todav\u00eda Pr\u00edncipe de Gales, Carlos, ahora rey.<\/p>\n<p style=\"text-align: justify;\">Se espera que en horas de la ma\u00f1ana de este viernes, Carlos ofrezca su primer discurso como nuevo monarca y falta por dilucidar si reinar\u00e1 con su actual nombre o lo cambiar\u00e1. La ceremonia de coronaci\u00f3n no tendr\u00e1 lugar hasta dentro de un a\u00f1o.<\/p>\n<p style=\"text-align: justify;\">A\u00fan no han trascendido los detalles de los funerales de Estado, aunque se conoce que el entierro no ocurrir\u00e1 antes de diez d\u00edas, luego de iniciada la operaci\u00f3n \u201cCa\u00edda del Puente de Londres\u201d.<\/p>\n<p style=\"text-align: justify;\">Isabel se encontraba en el trono desde 1952, cuando fue coronada tras el fallecimiento de su padre, el rey Jorge VI, y ha sido, desde 2016, la monarca m\u00e1s longeva en el pa\u00eds, tras superar a su tatarabuela, la reina Victoria de Inglaterra (1837-1901).<\/p>\n<p style=\"text-align: justify;\">En 1947, Isabel contrajo matrimonio con el teniente Felipe de Mountbatten, pr\u00edncipe de Grecia y Dinamarca. Fruto de esta uni\u00f3n ser\u00edan sus cuatro hijos: Carlos, pr\u00edncipe de Gales y nuevo rey, nacido en 1948; la princesa Ana, Andr\u00e9s y Eduardo.<\/p>\n<p style=\"text-align: justify;\">Tras el fallecimiento de su padre, el 2 de junio de 1953, Isabel II fue coronada reina del Reino Unido de Gran Breta\u00f1a e Irlanda del Norte y hered\u00f3 los restos de un imperio colonial que todav\u00eda al d\u00eda de hoy mantiene bajo su hegemon\u00eda m\u00e1s de 50 naciones, formalmente independientes.<\/p>\n<p style=\"text-align: justify;\">Hab\u00eda despachado a 15 primeros ministros, desde el m\u00edtico Winston Churchill hasta la reci\u00e9n nombrada (justo la \u00faltima foto oficial) Liz Truss, quien fue nombrada el martes pasado.<\/p>\n<p style=\"text-align: justify;\">Aunque fue considerada el pilar de la instituci\u00f3n mon\u00e1rquica brit\u00e1nica por ser reina de 15 pa\u00edses m\u00e1s, y jefa de la Comunidad de Naciones de otros 36 territorios, la Corona brit\u00e1nica no goza de prestigio por estar asociada a los cr\u00edmenes coloniales que levantaron el Imperio brit\u00e1nico.<\/p>\n<p style=\"text-align: justify;\">\n<p>&nbsp;<\/p>\n<p>&nbsp;<\/p>\n<h5>Telesur\/Gr\u00e1fica: Cortes\u00eda<\/h5>\n","protected":false},"excerpt":{"rendered":"<p>La reina de Reino Unido de Gran Breta\u00f1a e Irlanda del Norte, Isabel II, falleci\u00f3 este jueves en su casa de veraneo en Balmoral, Escocia, anunciaron desde el Palacio de&hellip; <\/p>\n","protected":false},"author":1,"featured_media":20706,"comment_status":"closed","ping_status":"closed","sticky":false,"template":"","format":"standard","meta":{"footnotes":""},"categories":[42],"tags":[],"class_list":["post-20705","post","type-post","status-publish","format-standard","has-post-thumbnail","hentry","category-mundo"],"_links":{"self":[{"href":"https:\/\/ciudadtrujillo.com\/index.php?rest_route=\/wp\/v2\/posts\/20705","targetHints":{"allow":["GET"]}}],"collection":[{"href":"https:\/\/ciudadtrujillo.com\/index.php?rest_route=\/wp\/v2\/posts"}],"about":[{"href":"https:\/\/ciudadtrujillo.com\/index.php?rest_route=\/wp\/v2\/types\/post"}],"author":[{"embeddable":true,"href":"https:\/\/ciudadtrujillo.com\/index.php?rest_route=\/wp\/v2\/users\/1"}],"replies":[{"embeddable":true,"href":"https:\/\/ciudadtrujillo.com\/index.php?rest_route=%2Fwp%2Fv2%2Fcomments&post=20705"}],"version-history":[{"count":1,"href":"https:\/\/ciudadtrujillo.com\/index.php?rest_route=\/wp\/v2\/posts\/20705\/revisions"}],"predecessor-version":[{"id":20707,"href":"https:\/\/ciudadtrujillo.com\/index.php?rest_route=\/wp\/v2\/posts\/20705\/revisions\/20707"}],"wp:featuredmedia":[{"embeddable":true,"href":"https:\/\/ciudadtrujillo.com\/index.php?rest_route=\/wp\/v2\/media\/20706"}],"wp:attachment":[{"href":"https:\/\/ciudadtrujillo.com\/index.php?rest_route=%2Fwp%2Fv2%2Fmedia&parent=20705"}],"wp:term":[{"taxonomy":"category","embeddable":true,"href":"https:\/\/ciudadtrujillo.com\/index.php?rest_route=%2Fwp%2Fv2%2Fcategories&post=20705"},{"taxonomy":"post_tag","embeddable":true,"href":"https:\/\/ciudadtrujillo.com\/index.php?rest_route=%2Fwp%2Fv2%2Ftags&post=20705"}],"curies":[{"name":"wp","href":"https:\/\/api.w.org\/{rel}","templated":true}]}}