{"id":19907,"date":"2022-08-16T19:39:28","date_gmt":"2022-08-16T23:39:28","guid":{"rendered":"http:\/\/ciudadtrujillo.com\/?p=19907"},"modified":"2022-08-16T19:39:28","modified_gmt":"2022-08-16T23:39:28","slug":"proteccion-civil-atiende-emergencias-por-lluvias-en-trujillo","status":"publish","type":"post","link":"https:\/\/ciudadtrujillo.com\/?p=19907","title":{"rendered":"Protecci\u00f3n Civil atiende emergencias por lluvias en Trujillo"},"content":{"rendered":"<p style=\"text-align: justify;\">Las fuertes precipitaciones y r\u00e1fagas de viento registradas en el estado Trujillo generaron la afectaci\u00f3n de seis viviendas, una cancha deportiva, templo religioso, l\u00edneas el\u00e9ctricas, ca\u00edda de \u00e1rboles y obstrucci\u00f3n de v\u00edas, especialmente en el sector La Mata, parroquia La Pueblita del municipio Rafael Rangel.<\/p>\n<p style=\"text-align: justify;\">La informaci\u00f3n fue aportada por el director regional de Protecci\u00f3n Civil y Administraci\u00f3n de Desastres C\u00e9sar Fern\u00e1ndez, quien se\u00f1al\u00f3 que tres de las viviendas registraron desprendimiento del techo debido a los fuertes vientos.<\/p>\n<p style=\"text-align: justify;\">\u201cDurante el recorrido se evidenci\u00f3 una vivienda afectada en \u00e1reas del techo por la ca\u00edda de un \u00e1rbol ocasionando grietas y filtraciones en las paredes, as\u00ed como el colapso en varias partes de la cerca perimetral. Otras dos viviendas sufrieron da\u00f1os con el desprendimiento del techo. Se realizaron visitas a varias familias afectadas en diferentes sectores que presentaron anegaci\u00f3n menor\u201d, explic\u00f3.<\/p>\n<p style=\"text-align: justify;\">Fern\u00e1ndez a\u00f1adi\u00f3 que en el patio del Centro de Formaci\u00f3n Misionera cayeron alrededor de 20 \u00e1rboles, de los cuales uno de ellos gener\u00f3 afectaciones en el tendido el\u00e9ctrico. El d\u00eda domingo los funcionarios de naranja ejecutaron labores de corte, poda y roleo de \u00e1rboles de gran tama\u00f1o en el parque El Posito.<\/p>\n<p style=\"text-align: justify;\">\u201cFueron m\u00e1s de 16 \u00e1rboles que cayeron en la Pueblita de Betijoque sobre algunas viviendas, vialidad, tendidos el\u00e9ctricos; hubo que hacer despejes de emergencias de las v\u00edas, despejar algunos espacios, solares y frentes de viviendas, se hicieron evaluaciones de da\u00f1os a las familias afectadas y an\u00e1lisis de sus necesidades para dar pronta respuesta\u201d, afirm\u00f3.<\/p>\n<p style=\"text-align: justify;\">Afectaciones en el estado<br \/>\nEl tambi\u00e9n jefe de la Zona Operativa de Evaluaci\u00f3n de Da\u00f1os y An\u00e1lisis de Necesidades (Zoedan), C\u00e9sar Fern\u00e1ndez, indic\u00f3 las precipitaciones registradas el fin de semana en el estado Trujillo generaron el aumento de caudal en algunas vertientes h\u00eddricas como la quebrada La Vich\u00fa anegando varias viviendas y sectores de la parroquia Jun\u00edn del municipio Sucre, sin da\u00f1os de estructuras ni p\u00e9rdidas de enseres.<\/p>\n<p style=\"text-align: justify;\">A\u00f1adi\u00f3 que al sector La Caimana del municipio Monte Carmelo el Ministerio de Transporte traslad\u00f3 este lunes una maquinaria para continuar con los trabajos de canalizaci\u00f3n del r\u00edo Poc\u00f3, debido a que la crecida de este afluente caus\u00f3 anegaci\u00f3n en varias viviendas.<\/p>\n<p style=\"text-align: justify;\">Por las lluvias del pasado s\u00e1bado se gener\u00f3 un deslizamiento de talud en la v\u00eda Negra Matea \u2013 Bajada del R\u00edo del municipio San Rafael de Carvajal y el aumento del cauce de la quebrada San Alejo en el municipio Sucre, lo que ocasion\u00f3 el desalojo de una vivienda en riesgo.<\/p>\n<p style=\"text-align: justify;\">Asimismo, Fern\u00e1ndez indic\u00f3 que en el sector Diego D\u00edaz del municipio Pamp\u00e1n se mantiene el puesto de comando de emergencia donde existe un deslizamiento de talud activo que obstaculiza el paso vehicular; as\u00ed como en el sector Quebrada de Cuevas \u2013 Comboco del municipio Urdaneta donde existe monitoreo constante por los deslaves que obstruyen la v\u00eda hacia Jaj\u00f3 y Timotes del estado M\u00e9rida.<\/p>\n<p style=\"text-align: justify;\">\u201cEn San Miguel de Agua Viva (municipio Miranda) mantenemos un puesto de comando y en la parroquia La Puerta del municipio Valera tambi\u00e9n mantenemos un monitoreo constante debido a las lluvias. Estamos desplegados y alertas ante cualquier emergencia\u201d, asever\u00f3 Fern\u00e1ndez.<\/p>\n<h3 style=\"text-align: justify;\">Seguimiento<\/h3>\n<p style=\"text-align: justify;\">El Cuerpo de Bomberos del estado Trujillo a trav\u00e9s de su cuenta en la red social Instagram @bomberostru se\u00f1al\u00f3 que los funcionarios de azul se mantienen realizando recorridos y monitoreo a los r\u00edos y quebradas en zonas de riesgo de la entidad.<\/p>\n<p style=\"text-align: justify;\">\u201cDebido a las precipitaciones de las \u00faltimas horas nuestros funcionarios se desplegaron realizando recorridos e inspecciones para verificar posibles aumentos en los caudales de los r\u00edos y quebradas en zonas de riesgo, siguiendo los lineamientos de la General Aidee Villa de Rodas, nos mantenemos alertas\u201d, poste\u00f3 bomberostru.<\/p>\n<p style=\"text-align: justify;\">\n<p>&nbsp;<\/p>\n<p>&nbsp;<\/p>\n<h5>\u00daltimas Noticias\/Gr\u00e1ficas: Cortes\u00eda<\/h5>\n","protected":false},"excerpt":{"rendered":"<p>Las fuertes precipitaciones y r\u00e1fagas de viento registradas en el estado Trujillo generaron la afectaci\u00f3n de seis viviendas, una cancha deportiva, templo religioso, l\u00edneas el\u00e9ctricas, ca\u00edda de \u00e1rboles y obstrucci\u00f3n&hellip; <\/p>\n","protected":false},"author":1,"featured_media":19908,"comment_status":"closed","ping_status":"closed","sticky":false,"template":"","format":"standard","meta":{"footnotes":""},"categories":[40],"tags":[],"class_list":["post-19907","post","type-post","status-publish","format-standard","has-post-thumbnail","hentry","category-grantrujillo"],"_links":{"self":[{"href":"https:\/\/ciudadtrujillo.com\/index.php?rest_route=\/wp\/v2\/posts\/19907","targetHints":{"allow":["GET"]}}],"collection":[{"href":"https:\/\/ciudadtrujillo.com\/index.php?rest_route=\/wp\/v2\/posts"}],"about":[{"href":"https:\/\/ciudadtrujillo.com\/index.php?rest_route=\/wp\/v2\/types\/post"}],"author":[{"embeddable":true,"href":"https:\/\/ciudadtrujillo.com\/index.php?rest_route=\/wp\/v2\/users\/1"}],"replies":[{"embeddable":true,"href":"https:\/\/ciudadtrujillo.com\/index.php?rest_route=%2Fwp%2Fv2%2Fcomments&post=19907"}],"version-history":[{"count":1,"href":"https:\/\/ciudadtrujillo.com\/index.php?rest_route=\/wp\/v2\/posts\/19907\/revisions"}],"predecessor-version":[{"id":19909,"href":"https:\/\/ciudadtrujillo.com\/index.php?rest_route=\/wp\/v2\/posts\/19907\/revisions\/19909"}],"wp:featuredmedia":[{"embeddable":true,"href":"https:\/\/ciudadtrujillo.com\/index.php?rest_route=\/wp\/v2\/media\/19908"}],"wp:attachment":[{"href":"https:\/\/ciudadtrujillo.com\/index.php?rest_route=%2Fwp%2Fv2%2Fmedia&parent=19907"}],"wp:term":[{"taxonomy":"category","embeddable":true,"href":"https:\/\/ciudadtrujillo.com\/index.php?rest_route=%2Fwp%2Fv2%2Fcategories&post=19907"},{"taxonomy":"post_tag","embeddable":true,"href":"https:\/\/ciudadtrujillo.com\/index.php?rest_route=%2Fwp%2Fv2%2Ftags&post=19907"}],"curies":[{"name":"wp","href":"https:\/\/api.w.org\/{rel}","templated":true}]}}