{"id":19898,"date":"2022-08-16T19:11:16","date_gmt":"2022-08-16T23:11:16","guid":{"rendered":"http:\/\/ciudadtrujillo.com\/?p=19898"},"modified":"2022-08-16T19:11:16","modified_gmt":"2022-08-16T23:11:16","slug":"merideno-joel-rojas-gana-bienal-orlando-araujo-2022","status":"publish","type":"post","link":"https:\/\/ciudadtrujillo.com\/?p=19898","title":{"rendered":"Meride\u00f1o Joel Rojas gana Bienal Orlando Araujo 2022"},"content":{"rendered":"<p style=\"text-align: justify;\">El jurado de la X Bienal Nacional de Literatura Orlando Araujo, conformado por la escritora Laura Antillano, el editor Carlos Ortiz y el ganador de la Bienal anterior, Nelson Ch\u00e1vez Herrera, entreg\u00f3 el premio al manuscrito titulado \u00abMontes y Culebras\u00bb, presentado bajo el nombre de \u00abApolonio Terreno\u00bb, del poeta meride\u00f1o Joel Gilberto Rojas Carrillo, rese\u00f1\u00f3 la web del Ministerio de Cultura.<\/p>\n<p style=\"text-align: justify;\">El jurado se\u00f1al\u00f3 que las narraciones de \u00abMontes y Culebras\u00bb, resulta un texto denso, que refleja un conocimiento profundo del lenguaje literario, regode\u00e1ndose en la descripci\u00f3n de personajes y circunstancias, y en cuyos argumentos prevalecen los sucesos propios de una comunidad rural con visos de urbe, pero con una entra\u00f1a de campo.<\/p>\n<p style=\"text-align: justify;\">El jurado apunt\u00f3, que en el texto hay una relaci\u00f3n con la alegr\u00eda y el dolor del pueblo m\u00e1s humilde y con la obra de Orlando Araujo; una obra conmovedora, po\u00e9tica y profunda, rese\u00f1a AVN.<\/p>\n<p style=\"text-align: justify;\">Con el veredicto del premio, finaliz\u00f3 la X Bienal Nacional de Literatura Orlando Araujo, que se inici\u00f3 el 12 de agosto en Calderas, estado Barinas, con foros literarios y actividades culturales y culmin\u00f3 el pasado 14 de agosto, fecha de natalicio del escritor Orlando Araujo.<\/p>\n<p style=\"text-align: justify;\">El poeta Rojas Carrillo naci\u00f3 en Caracas en el a\u00f1o 1973. Es autor del gui\u00f3n para el cuento gr\u00e1fico Mr. Boland de Salvador Garmendia (El perro y la rana, 2015) y de la cr\u00f3nica ilustrada \u00abPor aqu\u00ed pas\u00f3 Zamora\u00bb de Jos\u00e9 Le\u00f3n Tapia, adem\u00e1s de ser editor de innumerables obras literarias.<\/p>\n<p>&nbsp;<\/p>\n<p>&nbsp;<\/p>\n<h5>VTV\/Gr\u00e1fica: Cortes\u00eda<\/h5>\n","protected":false},"excerpt":{"rendered":"<p>El jurado de la X Bienal Nacional de Literatura Orlando Araujo, conformado por la escritora Laura Antillano, el editor Carlos Ortiz y el ganador de la Bienal anterior, Nelson Ch\u00e1vez&hellip; <\/p>\n","protected":false},"author":1,"featured_media":19899,"comment_status":"closed","ping_status":"closed","sticky":false,"template":"","format":"standard","meta":{"footnotes":""},"categories":[46],"tags":[],"class_list":["post-19898","post","type-post","status-publish","format-standard","has-post-thumbnail","hentry","category-cultura"],"_links":{"self":[{"href":"https:\/\/ciudadtrujillo.com\/index.php?rest_route=\/wp\/v2\/posts\/19898","targetHints":{"allow":["GET"]}}],"collection":[{"href":"https:\/\/ciudadtrujillo.com\/index.php?rest_route=\/wp\/v2\/posts"}],"about":[{"href":"https:\/\/ciudadtrujillo.com\/index.php?rest_route=\/wp\/v2\/types\/post"}],"author":[{"embeddable":true,"href":"https:\/\/ciudadtrujillo.com\/index.php?rest_route=\/wp\/v2\/users\/1"}],"replies":[{"embeddable":true,"href":"https:\/\/ciudadtrujillo.com\/index.php?rest_route=%2Fwp%2Fv2%2Fcomments&post=19898"}],"version-history":[{"count":1,"href":"https:\/\/ciudadtrujillo.com\/index.php?rest_route=\/wp\/v2\/posts\/19898\/revisions"}],"predecessor-version":[{"id":19900,"href":"https:\/\/ciudadtrujillo.com\/index.php?rest_route=\/wp\/v2\/posts\/19898\/revisions\/19900"}],"wp:featuredmedia":[{"embeddable":true,"href":"https:\/\/ciudadtrujillo.com\/index.php?rest_route=\/wp\/v2\/media\/19899"}],"wp:attachment":[{"href":"https:\/\/ciudadtrujillo.com\/index.php?rest_route=%2Fwp%2Fv2%2Fmedia&parent=19898"}],"wp:term":[{"taxonomy":"category","embeddable":true,"href":"https:\/\/ciudadtrujillo.com\/index.php?rest_route=%2Fwp%2Fv2%2Fcategories&post=19898"},{"taxonomy":"post_tag","embeddable":true,"href":"https:\/\/ciudadtrujillo.com\/index.php?rest_route=%2Fwp%2Fv2%2Ftags&post=19898"}],"curies":[{"name":"wp","href":"https:\/\/api.w.org\/{rel}","templated":true}]}}