{"id":19892,"date":"2022-08-16T19:07:14","date_gmt":"2022-08-16T23:07:14","guid":{"rendered":"http:\/\/ciudadtrujillo.com\/?p=19892"},"modified":"2022-08-16T19:07:14","modified_gmt":"2022-08-16T23:07:14","slug":"inicia-encuentro-de-jefes-de-gobierno-de-la-caricom-en-bahamas","status":"publish","type":"post","link":"https:\/\/ciudadtrujillo.com\/?p=19892","title":{"rendered":"Inicia encuentro de jefes de Gobierno de la Caricom en Bahamas"},"content":{"rendered":"<p style=\"text-align: justify;\">Este martes inici\u00f3 la reuni\u00f3n ordinaria de la Conferencia de jefes de Gobierno de la Comunidad del Caribe (Caricom), en Bahamas, con el fin de debatir sobre el cambio clim\u00e1tico, mitigaci\u00f3n, adaptaci\u00f3n y apoyo.<\/p>\n<p style=\"text-align: justify;\">El primer ministro de Cuba, Manuel Marrero, confirm\u00f3 desde su cuenta en Twitter los temas a debatir en la reuni\u00f3n, la cual se realiza como parte de la preparaci\u00f3n para la Conferencia de Naciones Unidas sobre Cambio Clim\u00e1tico (COP27).<\/p>\n<p style=\"text-align: justify;\">Marrero fue recibido por el ministro de Salud de Bahamas, Michael Darville. El mandatario cubano agradeci\u00f3 la c\u00e1lida bienvenida y manifest\u00f3 la disposici\u00f3n de su naci\u00f3n en ampliar los lazos de cooperaci\u00f3n con el pa\u00eds caribe\u00f1o.<\/p>\n<p style=\"text-align: justify;\">Asimismo, sostuvo una reuni\u00f3n con los miembros de la Misi\u00f3n Estatal Cubana y representantes afines en Bahamas, en la que se inform\u00f3 sobre la labor del Contingente Internacional de M\u00e9dicos Especializados en Desastres y Epidemias Graves Henry Reeve, el cual coopera con Bahamas en el combate contra la COVID-19 desde hace siete meses.<\/p>\n<p>&nbsp;<\/p>\n<p>&nbsp;<\/p>\n<h5>VTV\/Gr\u00e1fica: Cortes\u00eda<\/h5>\n","protected":false},"excerpt":{"rendered":"<p>Este martes inici\u00f3 la reuni\u00f3n ordinaria de la Conferencia de jefes de Gobierno de la Comunidad del Caribe (Caricom), en Bahamas, con el fin de debatir sobre el cambio clim\u00e1tico,&hellip; <\/p>\n","protected":false},"author":1,"featured_media":19893,"comment_status":"closed","ping_status":"closed","sticky":false,"template":"","format":"standard","meta":{"footnotes":""},"categories":[42],"tags":[],"class_list":["post-19892","post","type-post","status-publish","format-standard","has-post-thumbnail","hentry","category-mundo"],"_links":{"self":[{"href":"https:\/\/ciudadtrujillo.com\/index.php?rest_route=\/wp\/v2\/posts\/19892","targetHints":{"allow":["GET"]}}],"collection":[{"href":"https:\/\/ciudadtrujillo.com\/index.php?rest_route=\/wp\/v2\/posts"}],"about":[{"href":"https:\/\/ciudadtrujillo.com\/index.php?rest_route=\/wp\/v2\/types\/post"}],"author":[{"embeddable":true,"href":"https:\/\/ciudadtrujillo.com\/index.php?rest_route=\/wp\/v2\/users\/1"}],"replies":[{"embeddable":true,"href":"https:\/\/ciudadtrujillo.com\/index.php?rest_route=%2Fwp%2Fv2%2Fcomments&post=19892"}],"version-history":[{"count":1,"href":"https:\/\/ciudadtrujillo.com\/index.php?rest_route=\/wp\/v2\/posts\/19892\/revisions"}],"predecessor-version":[{"id":19894,"href":"https:\/\/ciudadtrujillo.com\/index.php?rest_route=\/wp\/v2\/posts\/19892\/revisions\/19894"}],"wp:featuredmedia":[{"embeddable":true,"href":"https:\/\/ciudadtrujillo.com\/index.php?rest_route=\/wp\/v2\/media\/19893"}],"wp:attachment":[{"href":"https:\/\/ciudadtrujillo.com\/index.php?rest_route=%2Fwp%2Fv2%2Fmedia&parent=19892"}],"wp:term":[{"taxonomy":"category","embeddable":true,"href":"https:\/\/ciudadtrujillo.com\/index.php?rest_route=%2Fwp%2Fv2%2Fcategories&post=19892"},{"taxonomy":"post_tag","embeddable":true,"href":"https:\/\/ciudadtrujillo.com\/index.php?rest_route=%2Fwp%2Fv2%2Ftags&post=19892"}],"curies":[{"name":"wp","href":"https:\/\/api.w.org\/{rel}","templated":true}]}}