{"id":19886,"date":"2022-08-16T19:04:09","date_gmt":"2022-08-16T23:04:09","guid":{"rendered":"http:\/\/ciudadtrujillo.com\/?p=19886"},"modified":"2022-08-16T19:04:09","modified_gmt":"2022-08-16T23:04:09","slug":"colombia-preve-comprar-gas-a-venezuela","status":"publish","type":"post","link":"https:\/\/ciudadtrujillo.com\/?p=19886","title":{"rendered":"Colombia prev\u00e9 comprar gas a Venezuela"},"content":{"rendered":"<p style=\"text-align: justify;\">La entrante ministra Minas y Energ\u00eda, Irene V\u00e9lez, afirm\u00f3 que si las reservas de gas de su pa\u00eds fueran insuficientes, tienen previsto recurrir al suministro de Venezuela, que ocupa el octavo lugar de reservas probadas de ese hidrocarburo en el mundo, rese\u00f1\u00f3 Actualidad RT.<\/p>\n<p style=\"text-align: justify;\">En una entrevista con Blu Radio, V\u00e9lez habl\u00f3 del \u00abgran desaf\u00edo\u00bb que representa para la Administraci\u00f3n de Gustavo Petro cumplir con el compromiso de la \u00abtransici\u00f3n energ\u00e9tica\u00bb, que busca un \u00abdesescalamiento gradual del modelo extractivista\u00bb.<\/p>\n<p style=\"text-align: justify;\">En esa l\u00ednea, el mandatario entrante asom\u00f3 que no continuar\u00e1n con los dos proyectos pilotos de \u2018fracking\u2019 en el municipio de Puerto Wilches, en el departamento de Santander, cuya licencia ambiental fue revocada por una jueza en abril pasado hasta que hubiera una consulta con las comunidades afro de la zona.<\/p>\n<h3 style=\"text-align: justify;\">El gas venezolano<\/h3>\n<p style=\"text-align: justify;\">\nSeg\u00fan manifest\u00f3 la titular de Minas y Energ\u00eda, su pa\u00eds tiene reservas de gas para siete u ocho a\u00f1os, por lo que si se necesitara llenar la matriz energ\u00e9tica, \u00abse podr\u00eda hacer la conexi\u00f3n de transporte de gas con Venezuela\u00bb, que contempla este a\u00f1o elevar la producci\u00f3n de hidrocarburos y de gas.<\/p>\n<p style=\"text-align: justify;\">\u00abSi llegara el caso en que nuestras reservas no fueran suficientes para nuestro autoabastecimiento, necesitamos soluciones, que podr\u00edan ser conectarse con otros pa\u00edses\u00bb, agreg\u00f3.<\/p>\n<p>&nbsp;<\/p>\n<p>&nbsp;<\/p>\n<h5>\u00daltimas Noticias\/Gr\u00e1fica: Cortes\u00eda<\/h5>\n","protected":false},"excerpt":{"rendered":"<p>La entrante ministra Minas y Energ\u00eda, Irene V\u00e9lez, afirm\u00f3 que si las reservas de gas de su pa\u00eds fueran insuficientes, tienen previsto recurrir al suministro de Venezuela, que ocupa el&hellip; <\/p>\n","protected":false},"author":1,"featured_media":19887,"comment_status":"closed","ping_status":"closed","sticky":false,"template":"","format":"standard","meta":{"footnotes":""},"categories":[42],"tags":[],"class_list":["post-19886","post","type-post","status-publish","format-standard","has-post-thumbnail","hentry","category-mundo"],"_links":{"self":[{"href":"https:\/\/ciudadtrujillo.com\/index.php?rest_route=\/wp\/v2\/posts\/19886","targetHints":{"allow":["GET"]}}],"collection":[{"href":"https:\/\/ciudadtrujillo.com\/index.php?rest_route=\/wp\/v2\/posts"}],"about":[{"href":"https:\/\/ciudadtrujillo.com\/index.php?rest_route=\/wp\/v2\/types\/post"}],"author":[{"embeddable":true,"href":"https:\/\/ciudadtrujillo.com\/index.php?rest_route=\/wp\/v2\/users\/1"}],"replies":[{"embeddable":true,"href":"https:\/\/ciudadtrujillo.com\/index.php?rest_route=%2Fwp%2Fv2%2Fcomments&post=19886"}],"version-history":[{"count":1,"href":"https:\/\/ciudadtrujillo.com\/index.php?rest_route=\/wp\/v2\/posts\/19886\/revisions"}],"predecessor-version":[{"id":19888,"href":"https:\/\/ciudadtrujillo.com\/index.php?rest_route=\/wp\/v2\/posts\/19886\/revisions\/19888"}],"wp:featuredmedia":[{"embeddable":true,"href":"https:\/\/ciudadtrujillo.com\/index.php?rest_route=\/wp\/v2\/media\/19887"}],"wp:attachment":[{"href":"https:\/\/ciudadtrujillo.com\/index.php?rest_route=%2Fwp%2Fv2%2Fmedia&parent=19886"}],"wp:term":[{"taxonomy":"category","embeddable":true,"href":"https:\/\/ciudadtrujillo.com\/index.php?rest_route=%2Fwp%2Fv2%2Fcategories&post=19886"},{"taxonomy":"post_tag","embeddable":true,"href":"https:\/\/ciudadtrujillo.com\/index.php?rest_route=%2Fwp%2Fv2%2Ftags&post=19886"}],"curies":[{"name":"wp","href":"https:\/\/api.w.org\/{rel}","templated":true}]}}