{"id":19879,"date":"2022-08-15T20:59:34","date_gmt":"2022-08-16T00:59:34","guid":{"rendered":"http:\/\/ciudadtrujillo.com\/?p=19879"},"modified":"2022-08-15T20:59:34","modified_gmt":"2022-08-16T00:59:34","slug":"feria-agrofamiliar-llega-a-miranda-y-sucre-para-atender-a-mas-de-mil-familias","status":"publish","type":"post","link":"https:\/\/ciudadtrujillo.com\/?p=19879","title":{"rendered":"Feria Agrofamiliar llega a Miranda y Sucre para atender a m\u00e1s de mil familias"},"content":{"rendered":"<p style=\"text-align: justify;\">M\u00e1s de mil familias de los sectores Agua Santa y Sabana de Mendoza, municipio Miranda y Sucre respectivamente, se favorecieron con las Ferias Agrofamiliares como parte de la pol\u00edtica agroalimentaria que adelanta el Gobierno Bolivariano de Trujillo a trav\u00e9s de la Direcci\u00f3n General de Desarrollo Agroecol\u00f3gico, Mercal y la Distribuidora Trujillana de Alimentos (Distal).<\/p>\n<p style=\"text-align: justify;\">\nLa actividad se efectu\u00f3 en la cancha techada de la parroquia Agua Santa, en donde las familias pudieron adquirir a bajos costos prote\u00edna tipo pollo y una bolsa de hortalizas. En la actividad estuvieron presentes Yughatsi Colina, directora territorial del Ministerio del Poder Popular de Alimentaci\u00f3n; Luis Felipe P\u00e9rez, gerente regional de Mercal; en compa\u00f1\u00eda de Valent\u00edn V\u00e1squez, subgerente de Mercal y Katiuska Ter\u00e1n, directora general de dicho organismo.<\/p>\n<p style=\"text-align: justify;\">\nIgualmente se sum\u00f3 Yobel Ocanto, director de comercializaci\u00f3n de la Direcci\u00f3n de Desarrollo Agroecol\u00f3gico, representantes municipales y del poder popular en materia de alimentaci\u00f3n, incluyendo l\u00edderes de los Comit\u00e9s Locales de Abastecimiento y Producci\u00f3n.<\/p>\n<p>&nbsp;<\/p>\n<p>&nbsp;<\/p>\n<h5>Eliph Catalina Fern\u00e1ndez\/Gr\u00e1ficas: Cortes\u00eda<\/h5>\n","protected":false},"excerpt":{"rendered":"<p>M\u00e1s de mil familias de los sectores Agua Santa y Sabana de Mendoza, municipio Miranda y Sucre respectivamente, se favorecieron con las Ferias Agrofamiliares como parte de la pol\u00edtica agroalimentaria&hellip; <\/p>\n","protected":false},"author":1,"featured_media":19880,"comment_status":"closed","ping_status":"closed","sticky":false,"template":"","format":"standard","meta":{"footnotes":""},"categories":[52,40],"tags":[],"class_list":["post-19879","post","type-post","status-publish","format-standard","has-post-thumbnail","hentry","category-destacadas","category-grantrujillo"],"_links":{"self":[{"href":"https:\/\/ciudadtrujillo.com\/index.php?rest_route=\/wp\/v2\/posts\/19879","targetHints":{"allow":["GET"]}}],"collection":[{"href":"https:\/\/ciudadtrujillo.com\/index.php?rest_route=\/wp\/v2\/posts"}],"about":[{"href":"https:\/\/ciudadtrujillo.com\/index.php?rest_route=\/wp\/v2\/types\/post"}],"author":[{"embeddable":true,"href":"https:\/\/ciudadtrujillo.com\/index.php?rest_route=\/wp\/v2\/users\/1"}],"replies":[{"embeddable":true,"href":"https:\/\/ciudadtrujillo.com\/index.php?rest_route=%2Fwp%2Fv2%2Fcomments&post=19879"}],"version-history":[{"count":1,"href":"https:\/\/ciudadtrujillo.com\/index.php?rest_route=\/wp\/v2\/posts\/19879\/revisions"}],"predecessor-version":[{"id":19881,"href":"https:\/\/ciudadtrujillo.com\/index.php?rest_route=\/wp\/v2\/posts\/19879\/revisions\/19881"}],"wp:featuredmedia":[{"embeddable":true,"href":"https:\/\/ciudadtrujillo.com\/index.php?rest_route=\/wp\/v2\/media\/19880"}],"wp:attachment":[{"href":"https:\/\/ciudadtrujillo.com\/index.php?rest_route=%2Fwp%2Fv2%2Fmedia&parent=19879"}],"wp:term":[{"taxonomy":"category","embeddable":true,"href":"https:\/\/ciudadtrujillo.com\/index.php?rest_route=%2Fwp%2Fv2%2Fcategories&post=19879"},{"taxonomy":"post_tag","embeddable":true,"href":"https:\/\/ciudadtrujillo.com\/index.php?rest_route=%2Fwp%2Fv2%2Ftags&post=19879"}],"curies":[{"name":"wp","href":"https:\/\/api.w.org\/{rel}","templated":true}]}}