{"id":19808,"date":"2022-08-14T19:38:11","date_gmt":"2022-08-14T23:38:11","guid":{"rendered":"http:\/\/ciudadtrujillo.com\/?p=19808"},"modified":"2022-08-14T19:38:11","modified_gmt":"2022-08-14T23:38:11","slug":"my-yelffry-adames-recibe-estandarte-como-nuevo-director-de-la-policia-de-trujillo","status":"publish","type":"post","link":"https:\/\/ciudadtrujillo.com\/?p=19808","title":{"rendered":"My. Yelffry Adames recibe estandarte como nuevo director de la Polic\u00eda de Trujillo"},"content":{"rendered":"<p style=\"text-align: justify;\">Este s\u00e1bado el gobernador de Trujillo, Mayor Gerardo M\u00e1rquez, entreg\u00f3 el estandarte al nuevo director de las Fuerzas Armadas Policiales del estado Trujillo (Fapet), Mayor Yelffry Adames. El mandatario regional le encomend\u00f3 la atenci\u00f3n integral del cuerpo de seguridad y la protecci\u00f3n de la paz de todo el pueblo.<\/p>\n<p style=\"text-align: justify;\">M\u00e1rquez reconoci\u00f3 al Coronel Germ\u00e1n Ojeda por su desempe\u00f1o en la responsabilidad, entrega y disciplina. \u00abEl nombre de todo el pueblo de Trujillo y de estos oficiales que comandaste, te doy las gracias por tu esfuerzo y sacrificio\u00bb, dijo.<\/p>\n<p style=\"text-align: justify;\">Adem\u00e1s, el mandatario regional encomend\u00f3 al nuevo director, My. Adames, presentar semestralmente los ascensos de los polic\u00edas para reconocer la antig\u00fcedad y m\u00e9ritos, pidi\u00f3 la protecci\u00f3n social y de salud, incluyendo una jornada de atenci\u00f3n integral para los funcionarios y familiares. \u00abQuiero recibir, previa evaluaci\u00f3n social, los primeros 20 nombres de hombres y mujeres para asignar las primeras viviendas al cuerpo policial\u00bb.<\/p>\n<p style=\"text-align: justify;\">De la misma forma, solicit\u00f3 que para el pr\u00f3ximo a\u00f1o, el d\u00eda del aniversario, los oficiales tengan su uniforme de gala. Anunci\u00f3 tambi\u00e9n que ha designado una comisi\u00f3n, liderada por el G\/D Julio Y\u00e9pez Castro, secretario general de gobierno, para que quien desee irse de baja, presente su solicitud y sea evaluado.<\/p>\n<h3 style=\"text-align: justify;\">\nEnfocado en la seguridad del territorio<\/h3>\n<p style=\"text-align: justify;\">El My. Adames coment\u00f3 que entre sus proyectos est\u00e1 atacar los grupos organizados del Eje Panamericano. \u00abDependemos de un sistema defensivo territorial, a trav\u00e9s de la Zona Operativa de Defensa Integral (Zodi) Trujillo. Pr\u00f3ximamente con los diferentes organismos de seguridad vamos a atacar de inmediato el Eje Panamericano que ha sido muy afectado por la delincuencia organizada\u00bb, detall\u00f3.<\/p>\n<p style=\"text-align: justify;\">Agradeci\u00f3 al gobernador Mayor Gerardo M\u00e1rquez y reconoci\u00f3 el trabajo del comandante saliente, Cnel. Germ\u00e1n Ojeda, quien ahora fungir\u00e1 como director de Seguridad Ciudadana y Paz. \u00abLlevaremos como meta tener una polic\u00eda que sea honesta, respetada y veladora de los derechos humanos (&#8230;) El pueblo trujillano cuente con un soldado revolucionario que viene a trabajar de la mano y por el beneficio de los polic\u00edas\u00bb, agreg\u00f3 Adames.<\/p>\n<p>&nbsp;<\/p>\n<p>&nbsp;<\/p>\n<p>&nbsp;<\/p>\n<h5>Eliph Catalina Fern\u00e1ndez\/Gr\u00e1ficas: Samuel Torres \/ Fernando \u00bbEl Ruso\u00bb Hascokcova<\/h5>\n","protected":false},"excerpt":{"rendered":"<p>Este s\u00e1bado el gobernador de Trujillo, Mayor Gerardo M\u00e1rquez, entreg\u00f3 el estandarte al nuevo director de las Fuerzas Armadas Policiales del estado Trujillo (Fapet), Mayor Yelffry Adames. El mandatario regional&hellip; <\/p>\n","protected":false},"author":1,"featured_media":19810,"comment_status":"closed","ping_status":"closed","sticky":false,"template":"","format":"standard","meta":{"footnotes":""},"categories":[40],"tags":[],"class_list":["post-19808","post","type-post","status-publish","format-standard","has-post-thumbnail","hentry","category-grantrujillo"],"_links":{"self":[{"href":"https:\/\/ciudadtrujillo.com\/index.php?rest_route=\/wp\/v2\/posts\/19808","targetHints":{"allow":["GET"]}}],"collection":[{"href":"https:\/\/ciudadtrujillo.com\/index.php?rest_route=\/wp\/v2\/posts"}],"about":[{"href":"https:\/\/ciudadtrujillo.com\/index.php?rest_route=\/wp\/v2\/types\/post"}],"author":[{"embeddable":true,"href":"https:\/\/ciudadtrujillo.com\/index.php?rest_route=\/wp\/v2\/users\/1"}],"replies":[{"embeddable":true,"href":"https:\/\/ciudadtrujillo.com\/index.php?rest_route=%2Fwp%2Fv2%2Fcomments&post=19808"}],"version-history":[{"count":1,"href":"https:\/\/ciudadtrujillo.com\/index.php?rest_route=\/wp\/v2\/posts\/19808\/revisions"}],"predecessor-version":[{"id":19811,"href":"https:\/\/ciudadtrujillo.com\/index.php?rest_route=\/wp\/v2\/posts\/19808\/revisions\/19811"}],"wp:featuredmedia":[{"embeddable":true,"href":"https:\/\/ciudadtrujillo.com\/index.php?rest_route=\/wp\/v2\/media\/19810"}],"wp:attachment":[{"href":"https:\/\/ciudadtrujillo.com\/index.php?rest_route=%2Fwp%2Fv2%2Fmedia&parent=19808"}],"wp:term":[{"taxonomy":"category","embeddable":true,"href":"https:\/\/ciudadtrujillo.com\/index.php?rest_route=%2Fwp%2Fv2%2Fcategories&post=19808"},{"taxonomy":"post_tag","embeddable":true,"href":"https:\/\/ciudadtrujillo.com\/index.php?rest_route=%2Fwp%2Fv2%2Ftags&post=19808"}],"curies":[{"name":"wp","href":"https:\/\/api.w.org\/{rel}","templated":true}]}}