{"id":19801,"date":"2022-08-14T19:21:01","date_gmt":"2022-08-14T23:21:01","guid":{"rendered":"http:\/\/ciudadtrujillo.com\/?p=19801"},"modified":"2022-08-14T19:21:01","modified_gmt":"2022-08-14T23:21:01","slug":"presidente-de-colombia-inicia-acciones-para-neutralizar-asesinatos-de-lideres-sociales","status":"publish","type":"post","link":"https:\/\/ciudadtrujillo.com\/?p=19801","title":{"rendered":"Presidente de Colombia inicia acciones para neutralizar asesinatos de l\u00edderes sociales"},"content":{"rendered":"<p style=\"text-align: justify;\">El presidente de Colombia, Gustavo Petro, inform\u00f3 que la hoja de vida de polic\u00edas y militares que act\u00faen de manera impune ante las masacres y asesinato de l\u00edderes ind\u00edgenas se ver\u00e1 afectada.<\/p>\n<p style=\"text-align: justify;\">\u00abLa comisi\u00f3n de masacres y su impunidad en jurisdicciones de mandos militares y policiales afectar\u00e1 la hoja de vida de los mandos\u00bb, expres\u00f3 Petro en la cuenta en la red social Twitter, @petrogustavo.<\/p>\n<p style=\"text-align: justify;\">El mandatario indic\u00f3 que \u00abdesde ahora, todo mando militar o policial en su jurisdicci\u00f3n debe velar por neutralizar al m\u00e1ximo la comisi\u00f3n de masacre y muerte de l\u00edderes sociales\u00bb.<\/p>\n<p style=\"text-align: justify;\">De acuerdo al Instituto de Estudios para el Desarrollo y la Paz (Indepaz), en Colombia fueron asesinados 114 l\u00edderes sociales y 31 firmantes del Acuerdo de paz, en lo que va del 2022.<\/p>\n<p>&nbsp;<\/p>\n<p>&nbsp;<\/p>\n<h5>VTV\/Gr\u00e1fica: Cortes\u00eda<\/h5>\n","protected":false},"excerpt":{"rendered":"<p>El presidente de Colombia, Gustavo Petro, inform\u00f3 que la hoja de vida de polic\u00edas y militares que act\u00faen de manera impune ante las masacres y asesinato de l\u00edderes ind\u00edgenas se&hellip; <\/p>\n","protected":false},"author":1,"featured_media":0,"comment_status":"closed","ping_status":"closed","sticky":false,"template":"","format":"standard","meta":{"footnotes":""},"categories":[42],"tags":[],"class_list":["post-19801","post","type-post","status-publish","format-standard","hentry","category-mundo"],"_links":{"self":[{"href":"https:\/\/ciudadtrujillo.com\/index.php?rest_route=\/wp\/v2\/posts\/19801","targetHints":{"allow":["GET"]}}],"collection":[{"href":"https:\/\/ciudadtrujillo.com\/index.php?rest_route=\/wp\/v2\/posts"}],"about":[{"href":"https:\/\/ciudadtrujillo.com\/index.php?rest_route=\/wp\/v2\/types\/post"}],"author":[{"embeddable":true,"href":"https:\/\/ciudadtrujillo.com\/index.php?rest_route=\/wp\/v2\/users\/1"}],"replies":[{"embeddable":true,"href":"https:\/\/ciudadtrujillo.com\/index.php?rest_route=%2Fwp%2Fv2%2Fcomments&post=19801"}],"version-history":[{"count":1,"href":"https:\/\/ciudadtrujillo.com\/index.php?rest_route=\/wp\/v2\/posts\/19801\/revisions"}],"predecessor-version":[{"id":19803,"href":"https:\/\/ciudadtrujillo.com\/index.php?rest_route=\/wp\/v2\/posts\/19801\/revisions\/19803"}],"wp:attachment":[{"href":"https:\/\/ciudadtrujillo.com\/index.php?rest_route=%2Fwp%2Fv2%2Fmedia&parent=19801"}],"wp:term":[{"taxonomy":"category","embeddable":true,"href":"https:\/\/ciudadtrujillo.com\/index.php?rest_route=%2Fwp%2Fv2%2Fcategories&post=19801"},{"taxonomy":"post_tag","embeddable":true,"href":"https:\/\/ciudadtrujillo.com\/index.php?rest_route=%2Fwp%2Fv2%2Ftags&post=19801"}],"curies":[{"name":"wp","href":"https:\/\/api.w.org\/{rel}","templated":true}]}}