{"id":19798,"date":"2022-08-14T19:16:52","date_gmt":"2022-08-14T23:16:52","guid":{"rendered":"http:\/\/ciudadtrujillo.com\/?p=19798"},"modified":"2022-08-14T19:16:52","modified_gmt":"2022-08-14T23:16:52","slug":"influencia-de-eeuu-en-america-latina-va-en-caida","status":"publish","type":"post","link":"https:\/\/ciudadtrujillo.com\/?p=19798","title":{"rendered":"Influencia de EEUU en Am\u00e9rica Latina va en ca\u00edda"},"content":{"rendered":"<p style=\"text-align: justify;\">La victoria de Gustavo Petro en Colombia y su posesi\u00f3n como Presidente de la naci\u00f3n neogranadina ha encendido las alarmas en Estados Unidos, donde se visualiza el posible fin de la llamada \u201cinfluencia de Washington\u201d en Am\u00e9rica Latina.<\/p>\n<p style=\"text-align: justify;\">\u201cEs hora de una nueva convenci\u00f3n internacional que acepte que la guerra contra las drogas ha fracasado rotundamente, que ha dejado un mill\u00f3n de latinoamericanos asesinados, la mayor\u00eda colombianos, y que deja 70.000 norteamericanos muertos por sobredosis cada a\u00f1o por drogas; ninguna producida en Am\u00e9rica Latina\u201d.<\/p>\n<p style=\"text-align: justify;\">Estas palabras pronunciadas por Petro durante el discurso en su toma de posesi\u00f3n el pasado domingo, cuestiona frontalmente la pol\u00edtica estadounidense en el vecino pa\u00eds con el llamado \u201cPlan Colombia\u201d, lo cual podr\u00eda significar la posibilidad de la finalizaci\u00f3n de este convenio que ha permitido a EEUU instalar no menos de nueve bases militares en territorio colombiano y garantizar la libre actuaci\u00f3n de funcionarios de la DEA, la CIA y su Ej\u00e9rcito, as\u00ed como la implementaci\u00f3n de la extraterritorialidad de sus leyes en esta naci\u00f3n.<\/p>\n<p style=\"text-align: justify;\">A esta llegada del primer dirigente plenamente identificado con la izquierda a la m\u00e1xima jefatura del Ejecutivo colombiano en m\u00e1s de 200 a\u00f1os de vida republicana, se suma lo que parece ser\u00e1 el inminente triunfo de Luiz In\u00e1cio \u201cLula\u201d da Silva en Brasil, quien ha dicho p\u00fablicamente su intenci\u00f3n de fortalecer la integraci\u00f3n latinoamericana y ha sido cr\u00edtico de las acciones de Estados Unidos en el continente.<\/p>\n<p style=\"text-align: justify;\">\u201cLa verdad es que Am\u00e9rica Latina no tiene derecho a ser democr\u00e1tica y a cuidar de su pueblo, porque los estadounidenses amenazan a los latinoamericanos como si fueran su propio patio trasero\u201d, ha dicho Lula.<\/p>\n<p style=\"text-align: justify;\">De Obama a Biden<br \/>\nCuando Barack Obama lleg\u00f3 a la presidencia de los Estados Unidos en 2008, en Am\u00e9rica Latina se forjaban una serie de mecanismos de unidad auspiciadas por Venezuela, Argentina y Brasil. Fue entre los a\u00f1os 2007 y 2011, donde se dio el nacimiento de la Uni\u00f3n de Naciones Suramericanas (Unasur) y posteriormente de la Comunidad de Estados Latinoamericanos y del Caribe (CELAC), organizaciones que apuntaban hacia un relacionamiento de esta regi\u00f3n sin la presencia de Estados Unidos y Canad\u00e1.<\/p>\n<p style=\"text-align: justify;\">La presencia de Evo Morales en Bolivia, Rafael Correa en Ecuador, Felipe Mujica en Uruguay, N\u00e9stor Kirchner en Argentina, Lula da Silva en Brasil, Manuel Zelaya en Honduras, Leonel Fern\u00e1ndez en Rep\u00fablica Dominicana, Daniel Ortega en Nicaragua y Hugo Ch\u00e1vez en Venezuela supon\u00edan una correlaci\u00f3n de fuerza donde la izquierda y el progresismo lideraban y promov\u00edan las iniciativas de integraci\u00f3n sin Estados Unidos.<\/p>\n<p style=\"text-align: justify;\">Este fue el panorama encontrado por Obama, quien tras ocho a\u00f1os de Gobierno y mediante acciones que incluyeron golpes de Estado militar (caso Zelaya en 2009), golpe de Estado legislativo (casos de Fernando Lugo en Paraguay en 2012 y de Dilma Rousseff en Brasil en 2016), sumado a la victoria de Mauricio Macri en Argentina (2015) y la traici\u00f3n al corre\u00edsmo de Lenin Moreno en Ecuador (2017), permitieron reconfigurar el mapa pol\u00edtico y posicionar a figuras aliadas en Gobiernos con mucha influencia en Am\u00e9rica Latina por su tama\u00f1o y econom\u00eda.<\/p>\n<p>&nbsp;<\/p>\n<p>&nbsp;<\/p>\n<h5>\u00daltimas Noticias\/Gr\u00e1fica: Cortes\u00eda<\/h5>\n","protected":false},"excerpt":{"rendered":"<p>La victoria de Gustavo Petro en Colombia y su posesi\u00f3n como Presidente de la naci\u00f3n neogranadina ha encendido las alarmas en Estados Unidos, donde se visualiza el posible fin de&hellip; <\/p>\n","protected":false},"author":1,"featured_media":19799,"comment_status":"closed","ping_status":"closed","sticky":false,"template":"","format":"standard","meta":{"footnotes":""},"categories":[42],"tags":[],"class_list":["post-19798","post","type-post","status-publish","format-standard","has-post-thumbnail","hentry","category-mundo"],"_links":{"self":[{"href":"https:\/\/ciudadtrujillo.com\/index.php?rest_route=\/wp\/v2\/posts\/19798","targetHints":{"allow":["GET"]}}],"collection":[{"href":"https:\/\/ciudadtrujillo.com\/index.php?rest_route=\/wp\/v2\/posts"}],"about":[{"href":"https:\/\/ciudadtrujillo.com\/index.php?rest_route=\/wp\/v2\/types\/post"}],"author":[{"embeddable":true,"href":"https:\/\/ciudadtrujillo.com\/index.php?rest_route=\/wp\/v2\/users\/1"}],"replies":[{"embeddable":true,"href":"https:\/\/ciudadtrujillo.com\/index.php?rest_route=%2Fwp%2Fv2%2Fcomments&post=19798"}],"version-history":[{"count":1,"href":"https:\/\/ciudadtrujillo.com\/index.php?rest_route=\/wp\/v2\/posts\/19798\/revisions"}],"predecessor-version":[{"id":19800,"href":"https:\/\/ciudadtrujillo.com\/index.php?rest_route=\/wp\/v2\/posts\/19798\/revisions\/19800"}],"wp:featuredmedia":[{"embeddable":true,"href":"https:\/\/ciudadtrujillo.com\/index.php?rest_route=\/wp\/v2\/media\/19799"}],"wp:attachment":[{"href":"https:\/\/ciudadtrujillo.com\/index.php?rest_route=%2Fwp%2Fv2%2Fmedia&parent=19798"}],"wp:term":[{"taxonomy":"category","embeddable":true,"href":"https:\/\/ciudadtrujillo.com\/index.php?rest_route=%2Fwp%2Fv2%2Fcategories&post=19798"},{"taxonomy":"post_tag","embeddable":true,"href":"https:\/\/ciudadtrujillo.com\/index.php?rest_route=%2Fwp%2Fv2%2Ftags&post=19798"}],"curies":[{"name":"wp","href":"https:\/\/api.w.org\/{rel}","templated":true}]}}