{"id":19787,"date":"2022-08-14T18:53:31","date_gmt":"2022-08-14T22:53:31","guid":{"rendered":"http:\/\/ciudadtrujillo.com\/?p=19787"},"modified":"2022-08-14T18:53:31","modified_gmt":"2022-08-14T22:53:31","slug":"anibal-grunn-fitp-revivio-el-teatro-nacional-que-estuvo-apagado-por-la-pandemia","status":"publish","type":"post","link":"https:\/\/ciudadtrujillo.com\/?p=19787","title":{"rendered":"An\u00edbal Grunn: FITP revivi\u00f3 el teatro nacional, que estuvo apagado por la pandemia"},"content":{"rendered":"<p style=\"text-align: justify;\">El Festival Internacional del Teatro Progresista 2022, realizado en el pa\u00eds del 29 de julio al 7 de agosto, sirvi\u00f3 para rescatar el teatro nacional que estuvo apagado durante dos a\u00f1os por la pandemia de COVID-19. As\u00ed lo indic\u00f3 el director de teatro y jefe de programaci\u00f3n del festival, An\u00edbal Grunn.<\/p>\n<p style=\"text-align: justify;\">Durante el programa Aqu\u00ed con Ernesto Villegas, transmitido por Venezolana de Televisi\u00f3n todos los domingos, Grunn expres\u00f3: \u00abEl teatro revivi\u00f3 y yo creo que es lo m\u00e1s importante de este festival\u00bb.<\/p>\n<p style=\"text-align: justify;\">Asimismo, resalt\u00f3 la necesidad de crear una escuela para t\u00e9cnicos del teatro. \u201cNecesitamos formar t\u00e9cnicos en sonido e iluminaci\u00f3n, es imprescindible (\u2026) T\u00e9cnicamente, estamos fallando en la modernidad, tenemos que modernizarnos\u201d, enfatiz\u00f3.<\/p>\n<p style=\"text-align: justify;\">Grunn, quien gan\u00f3 reciente premio Nacional de Cultura, destac\u00f3 que recibi\u00f3 m\u00e1s de 189 propuestas nacionales, de unos nueve estados, aunque tuvimos que elegir muy pocas porque no hab\u00eda tanta capacidad.<\/p>\n<p style=\"text-align: justify;\">\u201cVenezuela no tiene nada que envidiarle al teatro de otros pa\u00edses\u201d, ponder\u00f3. Sin embargo, no desestim\u00f3 el trabajo teatral que se realiza en pa\u00edses como Argentina, M\u00e9xico, Espa\u00f1a, Rusia, entre otros, que tambi\u00e9n se present\u00f3 en la actividad cultural.<\/p>\n<p style=\"text-align: justify;\">En el FITP 2022 se vivieron dramaturgias y espect\u00e1culos, adem\u00e1s de talleres y eventos especiales, con la participaci\u00f3n de unas 50 agrupaciones teatrales nacionales y 18 internacionales, que exhibieron en un mismo evento a m\u00e1s de 1.500 artistas de las artes esc\u00e9nicas.<\/p>\n<p>&nbsp;<\/p>\n<p>&nbsp;<\/p>\n<h5>VTV\/Gr\u00e1fica: Cortes\u00eda<\/h5>\n","protected":false},"excerpt":{"rendered":"<p>El Festival Internacional del Teatro Progresista 2022, realizado en el pa\u00eds del 29 de julio al 7 de agosto, sirvi\u00f3 para rescatar el teatro nacional que estuvo apagado durante dos&hellip; <\/p>\n","protected":false},"author":1,"featured_media":19788,"comment_status":"closed","ping_status":"closed","sticky":false,"template":"","format":"standard","meta":{"footnotes":""},"categories":[46],"tags":[],"class_list":["post-19787","post","type-post","status-publish","format-standard","has-post-thumbnail","hentry","category-cultura"],"_links":{"self":[{"href":"https:\/\/ciudadtrujillo.com\/index.php?rest_route=\/wp\/v2\/posts\/19787","targetHints":{"allow":["GET"]}}],"collection":[{"href":"https:\/\/ciudadtrujillo.com\/index.php?rest_route=\/wp\/v2\/posts"}],"about":[{"href":"https:\/\/ciudadtrujillo.com\/index.php?rest_route=\/wp\/v2\/types\/post"}],"author":[{"embeddable":true,"href":"https:\/\/ciudadtrujillo.com\/index.php?rest_route=\/wp\/v2\/users\/1"}],"replies":[{"embeddable":true,"href":"https:\/\/ciudadtrujillo.com\/index.php?rest_route=%2Fwp%2Fv2%2Fcomments&post=19787"}],"version-history":[{"count":1,"href":"https:\/\/ciudadtrujillo.com\/index.php?rest_route=\/wp\/v2\/posts\/19787\/revisions"}],"predecessor-version":[{"id":19789,"href":"https:\/\/ciudadtrujillo.com\/index.php?rest_route=\/wp\/v2\/posts\/19787\/revisions\/19789"}],"wp:featuredmedia":[{"embeddable":true,"href":"https:\/\/ciudadtrujillo.com\/index.php?rest_route=\/wp\/v2\/media\/19788"}],"wp:attachment":[{"href":"https:\/\/ciudadtrujillo.com\/index.php?rest_route=%2Fwp%2Fv2%2Fmedia&parent=19787"}],"wp:term":[{"taxonomy":"category","embeddable":true,"href":"https:\/\/ciudadtrujillo.com\/index.php?rest_route=%2Fwp%2Fv2%2Fcategories&post=19787"},{"taxonomy":"post_tag","embeddable":true,"href":"https:\/\/ciudadtrujillo.com\/index.php?rest_route=%2Fwp%2Fv2%2Ftags&post=19787"}],"curies":[{"name":"wp","href":"https:\/\/api.w.org\/{rel}","templated":true}]}}