{"id":19509,"date":"2022-08-04T23:25:55","date_gmt":"2022-08-05T03:25:55","guid":{"rendered":"http:\/\/ciudadtrujillo.com\/?p=19509"},"modified":"2022-08-04T23:25:55","modified_gmt":"2022-08-05T03:25:55","slug":"hace-22-anos-chavez-fue-proclamado-presidente-de-venezuela","status":"publish","type":"post","link":"https:\/\/ciudadtrujillo.com\/?p=19509","title":{"rendered":"Hace 22 a\u00f1os, Ch\u00e1vez fue proclamado presidente de Venezuela"},"content":{"rendered":"<p style=\"text-align: justify;\">El 4 de agosto del a\u00f1o 2000 el Consejo Nacional Electoral (CNE) proclam\u00f3 al Comandante Hugo Rafael Ch\u00e1vez Fr\u00edas, como el Presidente de la Rep\u00fablica Bolivariana de Venezuela para el periodo 2000-2006.<\/p>\n<p style=\"text-align: justify;\">En conmemoraci\u00f3n del acontecimiento hist\u00f3rico, el Jefe de Estado, Nicol\u00e1s Maduro Moros, record\u00f3 los 22 a\u00f1os de la proclamaci\u00f3n del Comandante Ch\u00e1vez ese 4 de agosto, cuando el pueblo venezolano demostr\u00f3 en las urnas electorales su voluntad para el nuevo destino democr\u00e1tico, econ\u00f3mico y social de la naci\u00f3n.<\/p>\n<p style=\"text-align: justify;\">A trav\u00e9s de su cuenta en la red social Twitter, @NicolasMaduro, el mandatario nacional, apunt\u00f3: \u201cFui testigo de su fuerza espiritual y de sus palabras emotivas que nos llamaban a la uni\u00f3n, a la esperanza y al compromiso con la Patria Nueva de felicidad para el Pueblo\u201d.<\/p>\n<p>&nbsp;<\/p>\n<p>&nbsp;<\/p>\n<h5>VTV\/Gr\u00e1fica: Cortes\u00eda<\/h5>\n","protected":false},"excerpt":{"rendered":"<p>El 4 de agosto del a\u00f1o 2000 el Consejo Nacional Electoral (CNE) proclam\u00f3 al Comandante Hugo Rafael Ch\u00e1vez Fr\u00edas, como el Presidente de la Rep\u00fablica Bolivariana de Venezuela para el&hellip; <\/p>\n","protected":false},"author":1,"featured_media":19510,"comment_status":"closed","ping_status":"closed","sticky":false,"template":"","format":"standard","meta":{"footnotes":""},"categories":[46],"tags":[],"class_list":["post-19509","post","type-post","status-publish","format-standard","has-post-thumbnail","hentry","category-cultura"],"_links":{"self":[{"href":"https:\/\/ciudadtrujillo.com\/index.php?rest_route=\/wp\/v2\/posts\/19509","targetHints":{"allow":["GET"]}}],"collection":[{"href":"https:\/\/ciudadtrujillo.com\/index.php?rest_route=\/wp\/v2\/posts"}],"about":[{"href":"https:\/\/ciudadtrujillo.com\/index.php?rest_route=\/wp\/v2\/types\/post"}],"author":[{"embeddable":true,"href":"https:\/\/ciudadtrujillo.com\/index.php?rest_route=\/wp\/v2\/users\/1"}],"replies":[{"embeddable":true,"href":"https:\/\/ciudadtrujillo.com\/index.php?rest_route=%2Fwp%2Fv2%2Fcomments&post=19509"}],"version-history":[{"count":1,"href":"https:\/\/ciudadtrujillo.com\/index.php?rest_route=\/wp\/v2\/posts\/19509\/revisions"}],"predecessor-version":[{"id":19511,"href":"https:\/\/ciudadtrujillo.com\/index.php?rest_route=\/wp\/v2\/posts\/19509\/revisions\/19511"}],"wp:featuredmedia":[{"embeddable":true,"href":"https:\/\/ciudadtrujillo.com\/index.php?rest_route=\/wp\/v2\/media\/19510"}],"wp:attachment":[{"href":"https:\/\/ciudadtrujillo.com\/index.php?rest_route=%2Fwp%2Fv2%2Fmedia&parent=19509"}],"wp:term":[{"taxonomy":"category","embeddable":true,"href":"https:\/\/ciudadtrujillo.com\/index.php?rest_route=%2Fwp%2Fv2%2Fcategories&post=19509"},{"taxonomy":"post_tag","embeddable":true,"href":"https:\/\/ciudadtrujillo.com\/index.php?rest_route=%2Fwp%2Fv2%2Ftags&post=19509"}],"curies":[{"name":"wp","href":"https:\/\/api.w.org\/{rel}","templated":true}]}}