{"id":19506,"date":"2022-08-04T23:24:19","date_gmt":"2022-08-05T03:24:19","guid":{"rendered":"http:\/\/ciudadtrujillo.com\/?p=19506"},"modified":"2022-08-04T23:24:19","modified_gmt":"2022-08-05T03:24:19","slug":"rinden-homenaje-al-festival-de-jovenes-coreografos","status":"publish","type":"post","link":"https:\/\/ciudadtrujillo.com\/?p=19506","title":{"rendered":"Rinden homenaje al Festival de J\u00f3venes Core\u00f3grafos"},"content":{"rendered":"<p style=\"text-align: justify;\">\nLa Fundaci\u00f3n Compa\u00f1\u00eda Nacional de Danza (FCND) rendir\u00e1 homenaje al \u201cFestival de J\u00f3venes Core\u00f3grafos\u201d, evento art\u00edstico que represent\u00f3 una plataforma de est\u00edmulo para los noveles creadores del arte de movimiento.<\/p>\n<p style=\"text-align: justify;\">El Festival tendr\u00e1 lugar en el Teatro Teresa Carre\u00f1o, los d\u00edas 5 y 6 de agosto, a partir de las 5:00 de la tarde, y el 7 de agosto, en dos funciones, a las 11:00 de la ma\u00f1ana y 4:00 de la tarde.<\/p>\n<p style=\"text-align: justify;\">El evento se realiz\u00f3 de manera ininterrumpida desde 1985 hasta el 2015. Tras cumplir tres d\u00e9cadas como referente nacional e internacional, sus organizadores decidieron por diversas razones no continuarlo.<\/p>\n<p style=\"text-align: justify;\">Basados en esa experiencia, 37 a\u00f1os despu\u00e9s, la FCND decidi\u00f3 mostrar la obra danc\u00edstica que se present\u00f3 en aquel entonces. De esta manera, rendir\u00e1 tributo a la labor creativa que realizaron estos j\u00f3venes core\u00f3grafos, as\u00ed como a su fundador, el maestro Carlos Paolillo, un gran investigador de la danza en Venezuela, indic\u00f3 la FCND en una nota de prensa.<\/p>\n<p style=\"text-align: justify;\">\n<p>&nbsp;<\/p>\n<h5>\u00daltimas Noticias\/Gr\u00e1fica: Cortes\u00eda<\/h5>\n","protected":false},"excerpt":{"rendered":"<p>La Fundaci\u00f3n Compa\u00f1\u00eda Nacional de Danza (FCND) rendir\u00e1 homenaje al \u201cFestival de J\u00f3venes Core\u00f3grafos\u201d, evento art\u00edstico que represent\u00f3 una plataforma de est\u00edmulo para los noveles creadores del arte de movimiento.&hellip; <\/p>\n","protected":false},"author":1,"featured_media":19507,"comment_status":"closed","ping_status":"closed","sticky":false,"template":"","format":"standard","meta":{"footnotes":""},"categories":[46],"tags":[],"class_list":["post-19506","post","type-post","status-publish","format-standard","has-post-thumbnail","hentry","category-cultura"],"_links":{"self":[{"href":"https:\/\/ciudadtrujillo.com\/index.php?rest_route=\/wp\/v2\/posts\/19506","targetHints":{"allow":["GET"]}}],"collection":[{"href":"https:\/\/ciudadtrujillo.com\/index.php?rest_route=\/wp\/v2\/posts"}],"about":[{"href":"https:\/\/ciudadtrujillo.com\/index.php?rest_route=\/wp\/v2\/types\/post"}],"author":[{"embeddable":true,"href":"https:\/\/ciudadtrujillo.com\/index.php?rest_route=\/wp\/v2\/users\/1"}],"replies":[{"embeddable":true,"href":"https:\/\/ciudadtrujillo.com\/index.php?rest_route=%2Fwp%2Fv2%2Fcomments&post=19506"}],"version-history":[{"count":1,"href":"https:\/\/ciudadtrujillo.com\/index.php?rest_route=\/wp\/v2\/posts\/19506\/revisions"}],"predecessor-version":[{"id":19508,"href":"https:\/\/ciudadtrujillo.com\/index.php?rest_route=\/wp\/v2\/posts\/19506\/revisions\/19508"}],"wp:featuredmedia":[{"embeddable":true,"href":"https:\/\/ciudadtrujillo.com\/index.php?rest_route=\/wp\/v2\/media\/19507"}],"wp:attachment":[{"href":"https:\/\/ciudadtrujillo.com\/index.php?rest_route=%2Fwp%2Fv2%2Fmedia&parent=19506"}],"wp:term":[{"taxonomy":"category","embeddable":true,"href":"https:\/\/ciudadtrujillo.com\/index.php?rest_route=%2Fwp%2Fv2%2Fcategories&post=19506"},{"taxonomy":"post_tag","embeddable":true,"href":"https:\/\/ciudadtrujillo.com\/index.php?rest_route=%2Fwp%2Fv2%2Ftags&post=19506"}],"curies":[{"name":"wp","href":"https:\/\/api.w.org\/{rel}","templated":true}]}}