{"id":19497,"date":"2022-08-04T23:19:07","date_gmt":"2022-08-05T03:19:07","guid":{"rendered":"http:\/\/ciudadtrujillo.com\/?p=19497"},"modified":"2022-08-04T23:19:07","modified_gmt":"2022-08-05T03:19:07","slug":"iglesia-catolica-ratifica-respaldo-a-proceso-de-paz-en-colombia","status":"publish","type":"post","link":"https:\/\/ciudadtrujillo.com\/?p=19497","title":{"rendered":"Iglesia cat\u00f3lica ratifica respaldo a proceso de paz en Colombia"},"content":{"rendered":"<p style=\"text-align: justify;\">La Iglesia cat\u00f3lica de Colombia est\u00e1 dispuesta a colaborar con la b\u00fasqueda de la paz y en los di\u00e1logos humanitarios regionales, as\u00ed lo afirm\u00f3 el ministro de Relaciones Exteriores nombrado por Gustavo Petro, \u00c1lvaro Leyva.<\/p>\n<p style=\"text-align: justify;\">Tras una reuni\u00f3n de Petro y Leyva con el nuncio apost\u00f3lico en Colombia, Luis Mariano Montemayor, el futuro canciller dijo a la prensa que se trata de buscar una paz total.<\/p>\n<p style=\"text-align: justify;\">Sobre este punto expres\u00f3: \u00abVamos a tratar de que nadie quede por fuera y lograr la tranquilidad p\u00fablica y naturalmente la recuperaci\u00f3n de las regiones donde todo esto (la violencia) se manifiesta\u00bb.<\/p>\n<p style=\"text-align: justify;\">Leyva agreg\u00f3 que hay un eje que atraviesa todos los di\u00e1logos en el pa\u00eds y es el narcotr\u00e1fico el cual tambi\u00e9n urge resolver en ese escenario a favor de la paz.<\/p>\n<p style=\"text-align: justify;\">La Iglesia cat\u00f3lica ha jugado durante d\u00e9cadas un papel fundamental en el proceso de mediaci\u00f3n y acercamiento para lograr la paz en Colombia y en ese sentido a finales de 1986, la Conferencia Episcopal de ese pa\u00eds cre\u00f3 la Comisi\u00f3n por la Vida, la Justicia y la Paz.<\/p>\n<p style=\"text-align: justify;\">La semana pasada, el delegado de la Conferencia Episcopal de Colombia para las relaciones Iglesia-Estado, monse\u00f1or H\u00e9ctor Fabio Henao, afirm\u00f3 que la Iglesia Cat\u00f3lica est\u00e1 dispuesta a colaborar con el proceso de \u201cpaz total\u201d, que iniciar\u00eda el gobierno de Gustavo Petro, quien asumir\u00e1 la presidencia el domingo pr\u00f3ximo, rese\u00f1\u00f3 Prensa Latina.<\/p>\n<p>&nbsp;<\/p>\n<p>&nbsp;<\/p>\n<h5>VTV\/Gr\u00e1fica: Cortes\u00eda<\/h5>\n","protected":false},"excerpt":{"rendered":"<p>La Iglesia cat\u00f3lica de Colombia est\u00e1 dispuesta a colaborar con la b\u00fasqueda de la paz y en los di\u00e1logos humanitarios regionales, as\u00ed lo afirm\u00f3 el ministro de Relaciones Exteriores nombrado&hellip; <\/p>\n","protected":false},"author":1,"featured_media":19498,"comment_status":"closed","ping_status":"closed","sticky":false,"template":"","format":"standard","meta":{"footnotes":""},"categories":[42],"tags":[],"class_list":["post-19497","post","type-post","status-publish","format-standard","has-post-thumbnail","hentry","category-mundo"],"_links":{"self":[{"href":"https:\/\/ciudadtrujillo.com\/index.php?rest_route=\/wp\/v2\/posts\/19497","targetHints":{"allow":["GET"]}}],"collection":[{"href":"https:\/\/ciudadtrujillo.com\/index.php?rest_route=\/wp\/v2\/posts"}],"about":[{"href":"https:\/\/ciudadtrujillo.com\/index.php?rest_route=\/wp\/v2\/types\/post"}],"author":[{"embeddable":true,"href":"https:\/\/ciudadtrujillo.com\/index.php?rest_route=\/wp\/v2\/users\/1"}],"replies":[{"embeddable":true,"href":"https:\/\/ciudadtrujillo.com\/index.php?rest_route=%2Fwp%2Fv2%2Fcomments&post=19497"}],"version-history":[{"count":1,"href":"https:\/\/ciudadtrujillo.com\/index.php?rest_route=\/wp\/v2\/posts\/19497\/revisions"}],"predecessor-version":[{"id":19499,"href":"https:\/\/ciudadtrujillo.com\/index.php?rest_route=\/wp\/v2\/posts\/19497\/revisions\/19499"}],"wp:featuredmedia":[{"embeddable":true,"href":"https:\/\/ciudadtrujillo.com\/index.php?rest_route=\/wp\/v2\/media\/19498"}],"wp:attachment":[{"href":"https:\/\/ciudadtrujillo.com\/index.php?rest_route=%2Fwp%2Fv2%2Fmedia&parent=19497"}],"wp:term":[{"taxonomy":"category","embeddable":true,"href":"https:\/\/ciudadtrujillo.com\/index.php?rest_route=%2Fwp%2Fv2%2Fcategories&post=19497"},{"taxonomy":"post_tag","embeddable":true,"href":"https:\/\/ciudadtrujillo.com\/index.php?rest_route=%2Fwp%2Fv2%2Ftags&post=19497"}],"curies":[{"name":"wp","href":"https:\/\/api.w.org\/{rel}","templated":true}]}}