{"id":19494,"date":"2022-08-04T23:17:27","date_gmt":"2022-08-05T03:17:27","guid":{"rendered":"http:\/\/ciudadtrujillo.com\/?p=19494"},"modified":"2022-08-04T23:17:27","modified_gmt":"2022-08-05T03:17:27","slug":"mexico-y-bolivia-fortalecen-lazos-de-cooperacion-y-amistad","status":"publish","type":"post","link":"https:\/\/ciudadtrujillo.com\/?p=19494","title":{"rendered":"M\u00e9xico y Bolivia fortalecen lazos de cooperaci\u00f3n y amistad"},"content":{"rendered":"<p style=\"text-align: justify;\">Los gobiernos de M\u00e9xico y la Rep\u00fablica Plurinacional de Bolivia fortalecen lazos de amistad y cooperaci\u00f3n durante la visita del secretario de Relaciones Exteriores mexicano, Marcelo Ebrard este jueves para participar en la conmemoraci\u00f3n de los 197 a\u00f1os de la independencia boliviana.<\/p>\n<p style=\"text-align: justify;\">\u00abEsta visita oficial, nos permitir\u00e1 estrechar los lazos hist\u00f3ricos de m\u00e1s de 190 a\u00f1os de relaciones diplom\u00e1ticas y fortalecer la agenda bilateral, en diferentes \u00e1reas, enmarcada en la cooperaci\u00f3n y solidaridad entre los dos pueblos hermanos\u00bb, inform\u00f3 el canciller de Bolivia Rogelio Mayta en su cuenta de la red social Twitter.<\/p>\n<p style=\"text-align: justify;\">Ebrad cumplir\u00e1 una intensa agenda de trabajo en la que destacan encuentros con el presidente Luis Arce y otras autoridades gubernamentales, y visitas a sitios de inter\u00e9s hist\u00f3rico, social y econ\u00f3mico, cit\u00f3 Prensa Latina.<\/p>\n<p style=\"text-align: justify;\">El diplom\u00e1tico mexicano actualmente realiza una gira por Suram\u00e9rica, que lo llev\u00f3 a Per\u00fa, donde fue recibido por el presidente Pedro Castillo, y culminar\u00e1 en la toma de posesi\u00f3n del presidente electo de Colombia, Gustavo Petro.<\/p>\n<p>&nbsp;<\/p>\n<p>&nbsp;<\/p>\n<h5>VTV\/Gr\u00e1fica: Cortes\u00eda<\/h5>\n","protected":false},"excerpt":{"rendered":"<p>Los gobiernos de M\u00e9xico y la Rep\u00fablica Plurinacional de Bolivia fortalecen lazos de amistad y cooperaci\u00f3n durante la visita del secretario de Relaciones Exteriores mexicano, Marcelo Ebrard este jueves para&hellip; <\/p>\n","protected":false},"author":1,"featured_media":19495,"comment_status":"closed","ping_status":"closed","sticky":false,"template":"","format":"standard","meta":{"footnotes":""},"categories":[42],"tags":[],"class_list":["post-19494","post","type-post","status-publish","format-standard","has-post-thumbnail","hentry","category-mundo"],"_links":{"self":[{"href":"https:\/\/ciudadtrujillo.com\/index.php?rest_route=\/wp\/v2\/posts\/19494","targetHints":{"allow":["GET"]}}],"collection":[{"href":"https:\/\/ciudadtrujillo.com\/index.php?rest_route=\/wp\/v2\/posts"}],"about":[{"href":"https:\/\/ciudadtrujillo.com\/index.php?rest_route=\/wp\/v2\/types\/post"}],"author":[{"embeddable":true,"href":"https:\/\/ciudadtrujillo.com\/index.php?rest_route=\/wp\/v2\/users\/1"}],"replies":[{"embeddable":true,"href":"https:\/\/ciudadtrujillo.com\/index.php?rest_route=%2Fwp%2Fv2%2Fcomments&post=19494"}],"version-history":[{"count":1,"href":"https:\/\/ciudadtrujillo.com\/index.php?rest_route=\/wp\/v2\/posts\/19494\/revisions"}],"predecessor-version":[{"id":19496,"href":"https:\/\/ciudadtrujillo.com\/index.php?rest_route=\/wp\/v2\/posts\/19494\/revisions\/19496"}],"wp:featuredmedia":[{"embeddable":true,"href":"https:\/\/ciudadtrujillo.com\/index.php?rest_route=\/wp\/v2\/media\/19495"}],"wp:attachment":[{"href":"https:\/\/ciudadtrujillo.com\/index.php?rest_route=%2Fwp%2Fv2%2Fmedia&parent=19494"}],"wp:term":[{"taxonomy":"category","embeddable":true,"href":"https:\/\/ciudadtrujillo.com\/index.php?rest_route=%2Fwp%2Fv2%2Fcategories&post=19494"},{"taxonomy":"post_tag","embeddable":true,"href":"https:\/\/ciudadtrujillo.com\/index.php?rest_route=%2Fwp%2Fv2%2Ftags&post=19494"}],"curies":[{"name":"wp","href":"https:\/\/api.w.org\/{rel}","templated":true}]}}