{"id":19491,"date":"2022-08-04T23:16:14","date_gmt":"2022-08-05T03:16:14","guid":{"rendered":"http:\/\/ciudadtrujillo.com\/?p=19491"},"modified":"2022-08-04T23:16:14","modified_gmt":"2022-08-05T03:16:14","slug":"gobierno-regional-realiza-seguimiento-a-denuncia-popular-por-produccion-porcina-en-jalisco-municipio-motatan","status":"publish","type":"post","link":"https:\/\/ciudadtrujillo.com\/?p=19491","title":{"rendered":"Gobierno regional realiza seguimiento a denuncia popular por producci\u00f3n porcina en Jalisco municipio Motat\u00e1n"},"content":{"rendered":"<p style=\"text-align: justify;\">Luego de la denuncia popular realizada a trav\u00e9s del programa radial \u00ab\u00a1H\u00e1blame, Gerardo!\u00bb, conducido por el gobernador de Trujillo, Mayor Gerardo M\u00e1rquez, la comisi\u00f3n de ambiente del Ministerio del Poder Popular para el Ecosocialismo (Minec) hizo la segunda inspecci\u00f3n al caso de porcinos cuyo sitio de producci\u00f3n en Jalisco, municipio Motat\u00e1n, se orden\u00f3 reubicar a un lugar con mejores condiciones t\u00e9cnicas, avances que se han desarrollado de forma satisfactoria.<\/p>\n<p style=\"text-align: justify;\">Seg\u00fan el informe t\u00e9cnico del Minec, refleja que el caso ha sido procesado a trav\u00e9s del 0800 Ambiente, para la evaluaci\u00f3n a la Empresa Porcinos Los Claros y dar respuesta a los acuerdos realizados en la asamblea de ciudadanos del pasado 6 de julio en la comunidad Brisas de Jalisco. Reportan que en la inspecci\u00f3n se constataron los avances de la nueva sede de reubicaci\u00f3n de la producci\u00f3n de cerdos, con la culminaci\u00f3n de los pisos y el sistema de disposici\u00f3n de las aguas residuales.<\/p>\n<p style=\"text-align: justify;\">Adem\u00e1s, se\u00f1alan que la empresa manifiesta que a\u00fan no ha implementado las recomendaciones t\u00e9cnicas, pues est\u00e1n centrados en el avance de la nueva sede. Acotaron que cumplir\u00e1n con el lapso de tiempo previsto para adaptarse a la nueva tecnolog\u00eda, es decir, que para el 9 de agosto terminar\u00e1n con la instalaci\u00f3n de los 1.250 porcinos. Finalmente se realiz\u00f3 un acta de inspecci\u00f3n en donde firmaron los involucrados y se paut\u00f3 la pr\u00f3xima visita.<\/p>\n<p style=\"text-align: justify;\">Funcionarios del Ministerio indicaron a la empresa que deben implementar lo m\u00e1s pronto posible las recomendaciones t\u00e9cnicas hechas durante la primera inspecci\u00f3n antes de mudarse a la nueva sede, de la misma forma, establecer convenios de contribuci\u00f3n social con las comunidades adyacentes para llevar una armon\u00eda de convivencia.<\/p>\n<p>&nbsp;<\/p>\n<p>&nbsp;<\/p>\n<h5>Prensa Minec\/Gr\u00e1ficas: Cortes\u00eda<\/h5>\n","protected":false},"excerpt":{"rendered":"<p>Luego de la denuncia popular realizada a trav\u00e9s del programa radial \u00ab\u00a1H\u00e1blame, Gerardo!\u00bb, conducido por el gobernador de Trujillo, Mayor Gerardo M\u00e1rquez, la comisi\u00f3n de ambiente del Ministerio del Poder&hellip; <\/p>\n","protected":false},"author":1,"featured_media":19492,"comment_status":"closed","ping_status":"closed","sticky":false,"template":"","format":"standard","meta":{"footnotes":""},"categories":[40],"tags":[],"class_list":["post-19491","post","type-post","status-publish","format-standard","has-post-thumbnail","hentry","category-grantrujillo"],"_links":{"self":[{"href":"https:\/\/ciudadtrujillo.com\/index.php?rest_route=\/wp\/v2\/posts\/19491","targetHints":{"allow":["GET"]}}],"collection":[{"href":"https:\/\/ciudadtrujillo.com\/index.php?rest_route=\/wp\/v2\/posts"}],"about":[{"href":"https:\/\/ciudadtrujillo.com\/index.php?rest_route=\/wp\/v2\/types\/post"}],"author":[{"embeddable":true,"href":"https:\/\/ciudadtrujillo.com\/index.php?rest_route=\/wp\/v2\/users\/1"}],"replies":[{"embeddable":true,"href":"https:\/\/ciudadtrujillo.com\/index.php?rest_route=%2Fwp%2Fv2%2Fcomments&post=19491"}],"version-history":[{"count":1,"href":"https:\/\/ciudadtrujillo.com\/index.php?rest_route=\/wp\/v2\/posts\/19491\/revisions"}],"predecessor-version":[{"id":19493,"href":"https:\/\/ciudadtrujillo.com\/index.php?rest_route=\/wp\/v2\/posts\/19491\/revisions\/19493"}],"wp:featuredmedia":[{"embeddable":true,"href":"https:\/\/ciudadtrujillo.com\/index.php?rest_route=\/wp\/v2\/media\/19492"}],"wp:attachment":[{"href":"https:\/\/ciudadtrujillo.com\/index.php?rest_route=%2Fwp%2Fv2%2Fmedia&parent=19491"}],"wp:term":[{"taxonomy":"category","embeddable":true,"href":"https:\/\/ciudadtrujillo.com\/index.php?rest_route=%2Fwp%2Fv2%2Fcategories&post=19491"},{"taxonomy":"post_tag","embeddable":true,"href":"https:\/\/ciudadtrujillo.com\/index.php?rest_route=%2Fwp%2Fv2%2Ftags&post=19491"}],"curies":[{"name":"wp","href":"https:\/\/api.w.org\/{rel}","templated":true}]}}