{"id":18826,"date":"2022-07-14T21:49:26","date_gmt":"2022-07-15T01:49:26","guid":{"rendered":"http:\/\/ciudadtrujillo.com\/?p=18826"},"modified":"2022-07-14T21:49:26","modified_gmt":"2022-07-15T01:49:26","slug":"realizan-jornada-especial-de-presentacion-de-ninos-y-ninas-en-terminal-de-trujillo","status":"publish","type":"post","link":"https:\/\/ciudadtrujillo.com\/?p=18826","title":{"rendered":"Realizan jornada especial de presentaci\u00f3n de ni\u00f1os y ni\u00f1as en Terminal de Trujillo"},"content":{"rendered":"<p style=\"text-align: justify;\">Desde la Terminal de Pasajeros \u201cValle de Los Mukas\u201d, en el municipio Trujillo, se llev\u00f3 a cabo una jornada de registro de ni\u00f1os y ni\u00f1as nacidos en el Hospital Jos\u00e9 Gregorio Hern\u00e1ndez que no hab\u00edan sido presentados a causa de la pandemia.<\/p>\n<p style=\"text-align: justify;\">La actividad fue organizada por la alcald\u00eda de Trujillo, con el apoyo del registro civil municipal y el registro de la unidad hospitalaria, con el objetivo de garantizar el derecho constitucional que tienen los ni\u00f1os y ni\u00f1as que no est\u00e1n identificados, de acuerdo a lo establecido en la ley.<\/p>\n<p style=\"text-align: justify;\">En tal sentido, el alcalde Carlos Ter\u00e1n, inform\u00f3 que se dio inicio a la entrega de las 500 partidas de nacimiento que estaban pendientes; \u201clas oficinas del registro civil est\u00e1n abiertas en el municipio para retirar estos certificados\u201d, dijo.<\/p>\n<p style=\"text-align: justify;\">Asimismo, el registrador civil municipal, Celso Bravo, se\u00f1al\u00f3 que esta gran jornada de presentaci\u00f3n de ni\u00f1os est\u00e1 autorizada por el poder electoral que es el encargado como ente rector y ha tenido el apoyo total de la alcald\u00eda de Trujillo.<\/p>\n<p style=\"text-align: justify;\">La registradora de la unidad hospitalaria Jos\u00e9 Gregorio Hern\u00e1ndez, Rosa N\u00fa\u00f1ez, recalc\u00f3 que en la Ley Org\u00e1nica del Registro Civil se indica que los ni\u00f1os deben tener su documentaci\u00f3n al momento de nacer.<\/p>\n<p style=\"text-align: justify;\">\n<p>&nbsp;<\/p>\n<h5>Prensa alcald\u00eda de Trujillo\/Gr\u00e1ficas: Cortes\u00eda<\/h5>\n","protected":false},"excerpt":{"rendered":"<p>Desde la Terminal de Pasajeros \u201cValle de Los Mukas\u201d, en el municipio Trujillo, se llev\u00f3 a cabo una jornada de registro de ni\u00f1os y ni\u00f1as nacidos en el Hospital Jos\u00e9&hellip; <\/p>\n","protected":false},"author":1,"featured_media":18827,"comment_status":"closed","ping_status":"closed","sticky":false,"template":"","format":"standard","meta":{"footnotes":""},"categories":[40],"tags":[],"class_list":["post-18826","post","type-post","status-publish","format-standard","has-post-thumbnail","hentry","category-grantrujillo"],"_links":{"self":[{"href":"https:\/\/ciudadtrujillo.com\/index.php?rest_route=\/wp\/v2\/posts\/18826","targetHints":{"allow":["GET"]}}],"collection":[{"href":"https:\/\/ciudadtrujillo.com\/index.php?rest_route=\/wp\/v2\/posts"}],"about":[{"href":"https:\/\/ciudadtrujillo.com\/index.php?rest_route=\/wp\/v2\/types\/post"}],"author":[{"embeddable":true,"href":"https:\/\/ciudadtrujillo.com\/index.php?rest_route=\/wp\/v2\/users\/1"}],"replies":[{"embeddable":true,"href":"https:\/\/ciudadtrujillo.com\/index.php?rest_route=%2Fwp%2Fv2%2Fcomments&post=18826"}],"version-history":[{"count":1,"href":"https:\/\/ciudadtrujillo.com\/index.php?rest_route=\/wp\/v2\/posts\/18826\/revisions"}],"predecessor-version":[{"id":18828,"href":"https:\/\/ciudadtrujillo.com\/index.php?rest_route=\/wp\/v2\/posts\/18826\/revisions\/18828"}],"wp:featuredmedia":[{"embeddable":true,"href":"https:\/\/ciudadtrujillo.com\/index.php?rest_route=\/wp\/v2\/media\/18827"}],"wp:attachment":[{"href":"https:\/\/ciudadtrujillo.com\/index.php?rest_route=%2Fwp%2Fv2%2Fmedia&parent=18826"}],"wp:term":[{"taxonomy":"category","embeddable":true,"href":"https:\/\/ciudadtrujillo.com\/index.php?rest_route=%2Fwp%2Fv2%2Fcategories&post=18826"},{"taxonomy":"post_tag","embeddable":true,"href":"https:\/\/ciudadtrujillo.com\/index.php?rest_route=%2Fwp%2Fv2%2Ftags&post=18826"}],"curies":[{"name":"wp","href":"https:\/\/api.w.org\/{rel}","templated":true}]}}